{"id":1306,"date":"2021-07-28T21:27:07","date_gmt":"2021-07-28T18:27:07","guid":{"rendered":"https:\/\/www.xn--zgr-meydan-dcb8e.com\/?p=1306"},"modified":"2023-06-16T22:33:03","modified_gmt":"2023-06-16T19:33:03","slug":"asi-olmayanlar-yuzunden-risk-altindayiz-diyenlere-host-diyebilmek","status":"publish","type":"post","link":"https:\/\/www.xn--zgr-meydan-dcb8e.com\/?p=1306","title":{"rendered":"\u2018A\u015eI OLMAYANLAR Y\u00dcZ\u00dcNDEN R\u0130SK ALTINDAYIZ\u2019 D\u0130YENLERE H\u00d6ST! D\u0130YEB\u0130LMEK\u2026"},"content":{"rendered":"<p><img fetchpriority=\"high\" decoding=\"async\" class=\"aligncenter size-full wp-image-1307\" src=\"https:\/\/www.\u00f6zg\u00fcr-meydan.com\/wp-content\/uploads\/2021\/07\/host_diyebilmek.png\" alt=\"\" width=\"700\" height=\"250\" srcset=\"https:\/\/www.\u00f6zg\u00fcr-meydan.com\/wp-content\/uploads\/2021\/07\/host_diyebilmek.png 700w, https:\/\/www.\u00f6zg\u00fcr-meydan.com\/wp-content\/uploads\/2021\/07\/host_diyebilmek-300x107.png 300w\" sizes=\"(max-width: 700px) 100vw, 700px\" \/><\/p>\n<p><span style=\"color: #000000; font-size: 20px;\"><span style=\"font-family: arial, helvetica, sans-serif;\">Hava fena halde a\u011f\u0131r, ba\u011f\u0131r ba\u011f\u0131rabildi\u011fin kadar, ba\u011f\u0131rt\u0131n kuru g\u00fcr\u00fclt\u00fcn kendi duydu\u011fun kadard\u0131r. Kendi duydu\u011fumuz kuru g\u00fcr\u00fclt\u00fcm\u00fcz i\u00e7inde propaganda i\u00e7erikli dayatm<\/span><span style=\"font-family: arial, helvetica, sans-serif;\">alar\u0131 \u00e7\u00f6z\u00fcmlemeye, ba\u015fkalar\u0131n\u0131 ikna etme yerine, kendi kendimizi ikna etmeye \u00e7al\u0131\u015fmaktan asl\u0131nda ba\u015fka bir \u015fey yapm\u0131yoruz.<\/span><\/span><\/p>\n<p><span style=\"font-family: arial, helvetica, sans-serif; font-size: 20px; color: #000000;\">Yukar\u0131da resim format\u0131nda verdi\u011fim iki haber var birisi Cumhuriyet Gazetesinin<strong><sup> (1)<\/sup><\/strong> di\u011feri ise S\u00f6zc\u00fc Gazetesinin.<sup><strong> (2)<\/strong><\/sup> &#8216;A\u015f\u0131 kar\u015f\u0131t\u0131 Covit 19\u2019a yakalan\u0131p \u00f6lm\u00fc\u015f&#8217; \u015feklinde bir a\u015f\u0131 kar\u015f\u0131t\u0131n\u0131 haberle\u015ftirmi\u015f. S\u00f6zc\u00fc ise &#8221;Pfizer \/ BioNTech a\u015f\u0131s\u0131ndan \u00f6len 24 ki\u015fiyi&#8221; haberle\u015ftirmi\u015f.<\/span><\/p>\n<p><span style=\"font-family: arial, helvetica, sans-serif; font-size: 20px; color: #000000;\">Ge\u00e7en bir arkada\u015f\u0131m bir payla\u015f\u0131m\u0131m\u0131n alt\u0131n link vererek yazm\u0131\u015f &#8221; Covid\u2019e yakalan\u0131p durumu a\u011f\u0131r olan a\u015f\u0131 kar\u015f\u0131t\u0131 hastalar, doktorlara yalvar\u0131yormu\u015f. &#8216;Ne olur a\u015f\u0131 vurun bize&#8217; diye. Ama doktorlar, &#8216;\u00e7ok ge\u00e7&#8217; diyormu\u015f. &#8216;Daha \u00f6nce akl\u0131n\u0131z neredeydi? diye soruyorlarm\u0131\u015f. Yukar\u0131daki haber bunu anlat\u0131yor.\u2019\u2019, \u015feklinde \u0130ngilizce yay\u0131nlanm\u0131\u015f s\u00f6zde bir haber.\u00a0<\/span><\/p>\n<p><span style=\"font-family: arial, helvetica, sans-serif; font-size: 20px; color: #000000;\">Haberi inceledim pek sa\u011fl\u0131kl\u0131 bulmad\u0131m, a\u015f\u0131 olmak istemeyenleri etkilemek i\u00e7in yap\u0131lm\u0131\u015f \u00e7akma bir habere benziyor.<\/span><\/p>\n<p><span style=\"font-family: arial, helvetica, sans-serif; font-size: 20px; color: #000000;\">Bu t\u00fcrden propaganda haberlerini kaynak g\u00f6sterenlere bir veri olsun diye S\u00f6zc\u00fc Gazetesinin haberiyle birlikte Cumhuriyet Gazetesin haberlerini kapak konusu yapt\u0131m. Hangi \u00fclkelerde a\u015f\u0131dan kimler nas\u0131l \u00f6lm\u00fc\u015f ayr\u0131nt\u0131y\u0131 a\u015fa\u011f\u0131da verdi\u011fim linkten ayr\u0131nt\u0131s\u0131n\u0131 inceleyebilir. \u00a0<\/span><\/p>\n<p><span style=\"font-family: arial, helvetica, sans-serif; font-size: 20px; color: #000000;\">B\u00f6yle \u00e7akma haberlere niye ihtiya\u00e7 duyuyorlar anla\u015f\u0131l\u0131r gibi de\u011fil, diyelim ki haber do\u011fru, ayr\u0131ca a\u015f\u0131 olmayan birinin korona vir\u00fcs\u00fcne yakalanmas\u0131ndan daha do\u011fal ne olabilir ki?<\/span><\/p>\n<p><span style=\"font-family: arial, helvetica, sans-serif; font-size: 20px; color: #000000;\">A\u015f\u0131 olmayan bir ki\u015finin korona vir\u00fcs\u00fcne yakalanmas\u0131 \u00e7ok normal anormal olan iki doz a\u015f\u0131 olanlar\u0131n korona vir\u00fcs\u00fcne yakalanmas\u0131d\u0131r. \u0130ki doz a\u015f\u0131y\u0131 olup 18 \u0130svi\u00e7reli neden \u00f6ld\u00fc?<strong><sup> (3) \u00a0<\/sup><\/strong>As\u0131l buna verilecek bir cevab\u0131n\u0131z olmal\u0131d\u0131r de\u011filmi? San\u0131yorum bu soruma yan\u0131t\u0131n\u0131z\u0131 bo\u015f yere bekler olaca\u011f\u0131m.<\/span><\/p>\n<p><span style=\"color: #000000; font-size: 20px;\"><span style=\"font-family: arial, helvetica, sans-serif;\">A\u015f\u0131 olanlar korana vir\u00fcs\u00fcne yakalan\u0131yorlarsa biz bu a\u015f\u0131y\u0131 neden olduk diye kendini ve yetkilileri sorgulamalar\u0131 gerekir. <\/span><span style=\"font-family: arial, helvetica, sans-serif;\">\u0130\u015fin ho\u015f taraf\u0131, a\u015f\u0131 olanlar\u0131n hi\u00e7 birisi yetkilileri kesinlikle sorgulayamaz olmalar\u0131d\u0131r.<\/span><\/span><\/p>\n<p><span style=\"font-family: arial, helvetica, sans-serif; font-size: 20px; color: #000000;\">A\u015f\u0131 olurken bo\u015fa k\u00e2\u011f\u0131t imzalatm\u0131yorlar, hi\u00e7bir konuda dava a\u00e7mayaca\u011f\u0131na dair a\u015f\u0131 olan bireyden taahh\u00fct ald\u0131klar\u0131 i\u00e7in, a\u015f\u0131 olan birey hi\u00e7bir ko\u015fulda davada a\u00e7\u0131p tazminat isteyemiyor. <\/span><\/p>\n<p><span style=\"font-family: arial, helvetica, sans-serif; font-size: 20px; color: #000000;\">\u00d6len \u00f6ld\u00fc\u011f\u00fcyle kal\u0131yor a\u015f\u0131 zombisi olmak i\u00e7in \u00fc\u00e7\u00fcnc\u00fc ve d\u00f6rd\u00fcnc\u00fc doz a\u015f\u0131y\u0131 beklemek durumunda kal\u0131yorlar \/ kalacaklar. Her uydurulan varyant ile \u00fc\u00e7\u00fcnc\u00fc d\u00f6rd\u00fcnc\u00fc doz a\u015f\u0131y\u0131 olmak i\u00e7in s\u0131ralar\u0131n\u0131 bekleme umuduyla ba\u015f ba\u015fa kalacaklar gibiler.<\/span><\/p>\n<p><span style=\"font-family: arial, helvetica, sans-serif; font-size: 20px; color: #000000;\">Her ba\u015far\u0131s\u0131zl\u0131klar\u0131nda varyant uydurmalar\u0131 i\u015fte bu y\u00fczdendir.<\/span><\/p>\n<p><span style=\"font-family: arial, helvetica, sans-serif; font-size: 20px; color: #000000;\">Bunca zamand\u0131r a\u015f\u0131lar\u0131n ba\u015far\u0131s\u0131zl\u0131klar\u0131n\u0131 varyantla \u00fczerlerini \u00f6rtmeye, ger\u00e7e\u011fi gizlemeye \u00e7al\u0131\u015ft\u0131lar. \u015eimdi de ba\u015far\u0131s\u0131zl\u0131k isim listelerine bir bakal\u0131m: Lambda, Kappa, Lota, Theta, Zeta, Epsilon, Gamma, Beta, Alfa, Delta<strong><sup> (4)<\/sup><\/strong><\/span><\/p>\n<p><span style=\"font-family: arial, helvetica, sans-serif; font-size: 20px; color: #000000;\">A\u00e7\u0131k art\u0131rmaya girmi\u015f bir \u00fcr\u00fcn gibi, yok mu art\u0131ran?, diyesi geliyor insan\u0131n\u2026<\/span><\/p>\n<p><span style=\"font-family: arial, helvetica, sans-serif; font-size: 20px; color: #000000;\">Bu varyantlara dikkat edin, uydurulan her bir varyant korku ikliminin kendisidir.<\/span><\/p>\n<p><span style=\"color: #000000; font-size: 20px;\"><span style=\"font-family: arial, helvetica, sans-serif;\">D\u00fcnya d\u00fczeninin de\u011fi\u015ftirilmesi i\u00e7in planlanan ku\u015f gribi, domuz gribi gibi deneme s\u00fcr\u00fcmleriyle altyap\u0131s\u0131 olu\u015fturulan strateji retori\u011fin son hali Covit 19, korona vir\u00fcs\u00fcd\u00fcr. Bu i\u015fin sekr<\/span><span style=\"font-family: arial, helvetica, sans-serif;\">etaryas\u0131 da DS\u00d6\u2019d\u00fcr.<\/span><\/span><\/p>\n<p><span style=\"font-family: arial, helvetica, sans-serif; font-size: 20px; color: #000000;\">DS\u00d6 taraf\u0131ndan fonlayarak besledi\u011fi daha \u00f6nce hi\u00e7 tan\u0131mad\u0131\u011f\u0131m\u0131z ismini cismini bilmedi\u011fimiz bir anda peydahlanan \u00f6zel habercilerle sabah ak\u015fam korona\u2019dan kaynakl\u0131 ve \u00f6l\u00fcm haberleriyle sa\u011fl\u0131kl\u0131 insanlar\u0131n psikolojisi bozma stratejisinin ana dayana\u011f\u0131 \u00f6l\u00fcm\u00fc g\u00f6sterip s\u0131tmaya raz\u0131 etme \u00f6\u011fretisinden beslenmektedir.<\/span><\/p>\n<p><span style=\"font-family: arial, helvetica, sans-serif; font-size: 20px; color: #000000;\">Bu propagandadan etkilenen binlerce insan a\u015f\u0131 kuyru\u011funa girmelerinden yola \u00e7\u0131karsak bu konuda nispi ba\u015far\u0131 sa\u011flam\u0131\u015f olsalarda ba\u015far\u0131lar\u0131 yeterli de\u011fil.<\/span><\/p>\n<p><span style=\"font-family: arial, helvetica, sans-serif; font-size: 20px; color: #000000;\">Her \u015feyden \u00f6nce \u015fu \u00e7ok iyi anla\u015f\u0131lmal\u0131 ben a\u015f\u0131 kar\u015f\u0131t\u0131 de\u011filim, a\u015f\u0131 kar\u015f\u0131t\u0131 birisi olsayd\u0131m en yak\u0131n\u0131m olan e\u015fimi etkilerdim. E\u015fim kendi iradesiyle iki doz BioNTech oldu. \u00a0A\u015f\u0131 olmak isteyen insan tabiiki a\u015f\u0131s\u0131n\u0131 olmal\u0131d\u0131r. \u015eahsi fikrimi belirtmem gerekirse ben a\u015f\u0131 olmay\u0131 d\u00fc\u015f\u00fcnm\u00fcyorum. Ben kimsenin \u00f6zg\u00fcr iradesine kar\u0131\u015famam. A\u015f\u0131 olan kimi kendinden menkul \u015fahsiyetler, benim \u00f6zg\u00fcr irademe kar\u0131\u015fmaya, yapt\u0131r\u0131m uygulatt\u0131rmaya haklar\u0131 yoktur.<\/span><\/p>\n<p><span style=\"color: #000000; font-size: 20px;\"><span style=\"font-family: arial, helvetica, sans-serif;\">\u2018D\u00fcnya Sa\u011fl\u0131k \u00d6rg\u00fct\u00fc\u2019 (DS\u00d6) <\/span><span style=\"font-family: arial, helvetica, sans-serif;\">denilen \u00e7etenin emirlerine uymak zorunda de\u011filim. D\u00fcnya Sa\u011fl\u0131k \u00d6rg\u00fct\u00fcne \u00fcye ulus devletleri ne gibi taahh\u00fctler verdiler bu benim sorunum de\u011fil. Ulus devletlerin kendi aralar\u0131nda vard\u0131klar\u0131<strong><em> Consencius <\/em><\/strong>ile tek merkezden uygulanan dayatmalar\u0131 de\u015fifre etmek akl\u0131selim d\u00fc\u015f\u00fcnen sorgulayan her duyarl\u0131 insan\u0131n ba\u015fl\u0131ca g\u00f6revidir. A\u015f\u0131 olmak isteyen buyursun a\u015f\u0131 olsun herkes kendi \u00f6zg\u00fcr iradesiyle bu se\u00e7imi benimser.<\/span><\/span><\/p>\n<p><span style=\"font-family: arial, helvetica, sans-serif; font-size: 20px; color: #000000;\">Ben a\u015f\u0131 olan bir insana nas\u0131l a\u015f\u0131 olma demiyorsam, a\u015f\u0131 olupda onurlu irademle atba\u015f\u0131 giden ki\u015filik haklar\u0131m\u0131 hazmedemeyen kendinden menkul, kendine vazife bi\u00e7en, \u015fahsiyetler a\u015f\u0131 olmak istemeyen insanlara a\u015f\u0131 olacaks\u0131n\u0131z dayatmas\u0131 yapmas\u0131n. Herkes haddini bilsin. Oldu\u011fun a\u015f\u0131 seni korumuyorsa a\u015f\u0131 olmayanlar size ne yapabilir ki? Bunu a\u015f\u0131 olmadan \u00f6nce d\u00fc\u015f\u00fcnecektin.<\/span><\/p>\n<p><span style=\"color: #000000; font-size: 20px;\"><span style=\"font-family: arial, helvetica, sans-serif;\">Covit 19 di\u011fer bir ad\u0131yla korona denile<\/span><span style=\"font-family: arial, helvetica, sans-serif;\">n bir vir\u00fcs s\u00f6z konusudur bir s\u00fcr\u00fc insan\u0131n bu vir\u00fcsten etkilendi\u011fi de ayr\u0131 bir ger\u00e7ekliktir. Uygulanan a\u015f\u0131 ne kadar koruyucu bu tart\u0131\u015fmal\u0131d\u0131r.<\/span><\/span><\/p>\n<p><span style=\"font-family: arial, helvetica, sans-serif; font-size: 20px; color: #000000;\">Resmi a\u011f\u0131zlara bakarsak 2 doz a\u015f\u0131 olana korona bula\u015fmayaca\u011f\u0131n\u0131n taahh\u00fctt\u00fc yapt\u0131klar\u0131 propagandan\u0131n i\u00e7indeydi. Sabah ak\u015fam \u00f6l\u00fcm haberleriyle yapt\u0131klar\u0131 propaganda ile insanlar\u0131 2 doz a\u015f\u0131ya raz\u0131 ettiler. \u00a0A\u015f\u0131 olmalar\u0131na ra\u011fmen korona vir\u00fcs\u00fcne yakalananlar ortaya bir bir \u00e7\u0131kmaya ba\u015flay\u0131nca ans\u0131z\u0131n bir anda a\u011f\u0131z de\u011fi\u015ftirdiler.<\/span><\/p>\n<p><span style=\"font-family: arial, helvetica, sans-serif; font-size: 20px; color: #000000;\">Soral\u0131m o zaman hani iki doz a\u015f\u0131 olunca korona vir\u00fcs\u00fc a\u015f\u0131 olanlar\u0131n yak\u0131n\u0131ndan bile ge\u00e7emeyecekti, ne oldu?<\/span><\/p>\n<p><span style=\"color: #000000; font-size: 20px;\"><span style=\"font-family: arial, helvetica, sans-serif;\">\u015eimdi de diyorlar ki a\u015f\u0131 olmayanlar y\u00fcz\u00fcnden risk\u00a0<\/span><span style=\"font-family: arial, helvetica, sans-serif;\">alt\u0131nday\u0131z diyenlere H\u00d6ST! , diyebilmek yerinde ve makul bir cevapt\u0131r.<\/span><\/span><\/p>\n<p><span style=\"font-family: arial, helvetica, sans-serif; font-size: 20px; color: #000000;\">Siz kendinizi a\u015f\u0131 olarak garanti alt\u0131na ald\u0131n\u0131z konumunuz di\u011fer bir deyi\u015fle arkan\u0131z sa\u011flam olmas\u0131 gerekiyor.<\/span><\/p>\n<p><span style=\"font-family: arial, helvetica, sans-serif; font-size: 20px; color: #000000;\">As\u0131l ortada risk varsa a\u015f\u0131 olmayanlar i\u00e7in vard\u0131r. B\u0131rak\u0131nda bunu a\u015f\u0131 olmayanlar d\u00fc\u015f\u00fcns\u00fcn.<\/span><\/p>\n<p><span style=\"font-family: arial, helvetica, sans-serif; font-size: 20px; color: #000000;\">A\u015f\u0131 olmayanlar\u0131 bir \u015feyleri bahane ederek kendilerinden daha \u00e7ok d\u00fc\u015f\u00fcnd\u00fcn\u00fcz m\u00fc, bu \u015f\u00fcphe \u00e7eker, \u015f\u00fcphe uyand\u0131r\u0131r. Bu ba\u011flamda niyetiniz sorgulan\u0131r.\u00a0 <\/span><\/p>\n<p><span style=\"color: #000000; font-size: 20px;\"><span style=\"font-family: arial, helvetica, sans-serif;\">\u015eimdi de a\u015f\u0131 olmayanlara yasaklar getirmeye \u00e7al\u0131\u015fan bir zihniyet peydahlanmaya ba\u015flad\u0131 ama\u00e7lar\u0131 a\u015f\u0131 olmayanlar\u0131 y\u0131ld\u0131rmak y\u0131pratmak lanet olsun \u015fu a\u015f\u0131y\u0131 olay\u0131mda kurtulay\u0131m dedirtme stratejisidir. Yasal olmayan bu davran\u0131\u015f insan haklar\u0131na ayk\u0131r\u0131d\u0131r. <\/span><span style=\"font-family: arial, helvetica, sans-serif;\">G\u00fcn gelir bu propagandaya alet olmu\u015f \u015fak\u015fak\u00e7\u0131lar yasalar nezdinde hesap verir.<\/span><\/span><\/p>\n<p><span style=\"font-family: arial, helvetica, sans-serif; font-size: 20px; color: #000000;\">_Ali Galip Say\u0131lgan_<\/span><\/p>\n<p><span style=\"font-family: arial, helvetica, sans-serif; font-size: 20px; color: #000000;\"><u>Kaynaklar:<\/u><\/span><\/p>\n<p><span style=\"font-family: arial, helvetica, sans-serif; font-size: 20px; color: #000000;\"><strong><sup><span style=\"color: #ff0000;\">(1)\u00a0<\/span><\/sup> <\/strong><a style=\"color: #000000;\" href=\"https:\/\/www.cumhuriyet.com.tr\/haber\/asi-karsitiydi-covid-19dan-yasamini-yitirdi-1855752\">https:\/\/www.cumhuriyet.com.tr\/haber\/asi-karsitiydi-covid-19dan-yasamini-yitirdi-1855752 <\/a><\/span><\/p>\n<p><span style=\"font-family: arial, helvetica, sans-serif; font-size: 20px; color: #000000;\"><strong><sup><span style=\"color: #ff0000;\">(2)<\/span><\/sup><\/strong> \u00a0<a style=\"color: #000000;\" href=\"https:\/\/www.sozcu.com.tr\/2021\/dunya\/pfizer-biontechin-corona-asisini-yaptirdiktan-sonra-oldu-6212832\/\">https:\/\/www.sozcu.com.tr\/2021\/dunya\/pfizer-biontechin-corona-asisini-yaptirdiktan-sonra-oldu-6212832\/ <\/a><\/span><\/p>\n<p><span style=\"font-family: arial, helvetica, sans-serif; font-size: 20px; color: #000000;\"><sup><strong><span style=\"color: #ff0000;\">(3)<\/span><\/strong><\/sup> \u00a0<a style=\"color: #000000;\" href=\"https:\/\/www.sozcu.com.tr\/2021\/dunya\/iki-doz-asi-yaptiran-18-isvicreli-oldu-6557384\/\">https:\/\/www.sozcu.com.tr\/2021\/dunya\/iki-doz-asi-yaptiran-18-isvicreli-oldu-6557384\/ <\/a><\/span><\/p>\n<p><span style=\"font-family: arial, helvetica, sans-serif; font-size: 20px; color: #000000;\"><sup><strong><span style=\"color: #ff0000;\">(4)<\/span><\/strong><\/sup> <a style=\"color: #000000;\" href=\"https:\/\/i2.wp.com\/koronadur.metropolfm.de\/ohoalilr\/2021\/07\/Korona-Virus-Varyantlar-3.jpg?w=553&amp;ssl=1\">https:\/\/i2.wp.com\/koronadur.metropolfm.de\/ohoalilr\/2021\/07\/Korona-Virus-Varyantlar-3.jpg?w=553&amp;ssl=1<\/a><\/span><\/p>\n<p>&nbsp;<\/p>\n<p>&nbsp;<\/p>\n<p>&nbsp;<\/p>\n","protected":false},"excerpt":{"rendered":"<p>Hava fena halde a\u011f\u0131r, ba\u011f\u0131r ba\u011f\u0131rabildi\u011fin kadar, ba\u011f\u0131rt\u0131n kuru g\u00fcr\u00fclt\u00fcn kendi duydu\u011fun kadard\u0131r. Kendi duydu\u011fumuz kuru g\u00fcr\u00fclt\u00fcm\u00fcz i\u00e7inde propaganda i\u00e7erikli dayatmalar\u0131 \u00e7\u00f6z\u00fcmlemeye, ba\u015fkalar\u0131n\u0131 ikna etme yerine, kendi kendimizi ikna etmeye \u00e7al\u0131\u015fmaktan asl\u0131nda ba\u015fka bir \u015fey yapm\u0131yoruz. Yukar\u0131da resim format\u0131nda verdi\u011fim<\/p>\n","protected":false},"author":1,"featured_media":0,"comment_status":"closed","ping_status":"closed","sticky":false,"template":"","format":"standard","meta":{"footnotes":""},"categories":[1],"tags":[],"class_list":["post-1306","post","type-post","status-publish","format-standard","hentry","category-genel"],"yoast_head":"<!-- This site is optimized with the Yoast SEO plugin v27.4 - https:\/\/yoast.com\/product\/yoast-seo-wordpress\/ -->\n<title>\u2018A\u015eI OLMAYANLAR Y\u00dcZ\u00dcNDEN R\u0130SK ALTINDAYIZ\u2019 D\u0130YENLERE H\u00d6ST! D\u0130YEB\u0130LMEK\u2026 - \u00d6zg\u00fcr-Meydan<\/title>\n<meta name=\"robots\" content=\"index, follow, max-snippet:-1, max-image-preview:large, max-video-preview:-1\" \/>\n<link rel=\"canonical\" href=\"https:\/\/www.xn--zgr-meydan-dcb8e.com\/?p=1306\" \/>\n<meta property=\"og:locale\" content=\"tr_TR\" \/>\n<meta property=\"og:type\" content=\"article\" \/>\n<meta property=\"og:title\" content=\"\u2018A\u015eI OLMAYANLAR Y\u00dcZ\u00dcNDEN R\u0130SK ALTINDAYIZ\u2019 D\u0130YENLERE H\u00d6ST! D\u0130YEB\u0130LMEK\u2026 - \u00d6zg\u00fcr-Meydan\" \/>\n<meta property=\"og:description\" content=\"Hava fena halde a\u011f\u0131r, ba\u011f\u0131r ba\u011f\u0131rabildi\u011fin kadar, ba\u011f\u0131rt\u0131n kuru g\u00fcr\u00fclt\u00fcn kendi duydu\u011fun kadard\u0131r. Kendi duydu\u011fumuz kuru g\u00fcr\u00fclt\u00fcm\u00fcz i\u00e7inde propaganda i\u00e7erikli dayatmalar\u0131 \u00e7\u00f6z\u00fcmlemeye, ba\u015fkalar\u0131n\u0131 ikna etme yerine, kendi kendimizi ikna etmeye \u00e7al\u0131\u015fmaktan asl\u0131nda ba\u015fka bir \u015fey yapm\u0131yoruz. Yukar\u0131da resim format\u0131nda verdi\u011fim\" \/>\n<meta property=\"og:url\" content=\"https:\/\/www.xn--zgr-meydan-dcb8e.com\/?p=1306\" \/>\n<meta property=\"og:site_name\" content=\"\u00d6zg\u00fcr-Meydan\" \/>\n<meta property=\"article:published_time\" content=\"2021-07-28T18:27:07+00:00\" \/>\n<meta property=\"article:modified_time\" content=\"2023-06-16T19:33:03+00:00\" \/>\n<meta name=\"author\" content=\"Ali Galip Sayilgan\" \/>\n<meta name=\"twitter:card\" content=\"summary_large_image\" \/>\n<meta name=\"twitter:label1\" content=\"Yazan:\" \/>\n\t<meta name=\"twitter:data1\" content=\"Ali Galip Sayilgan\" \/>\n\t<meta name=\"twitter:label2\" content=\"Tahmini okuma s\u00fcresi\" \/>\n\t<meta name=\"twitter:data2\" content=\"6 dakika\" \/>\n<script type=\"application\/ld+json\" class=\"yoast-schema-graph\">{\"@context\":\"https:\\\/\\\/schema.org\",\"@graph\":[{\"@type\":\"Article\",\"@id\":\"https:\\\/\\\/www.xn--zgr-meydan-dcb8e.com\\\/?p=1306#article\",\"isPartOf\":{\"@id\":\"https:\\\/\\\/www.xn--zgr-meydan-dcb8e.com\\\/?p=1306\"},\"author\":{\"name\":\"Ali Galip Sayilgan\",\"@id\":\"https:\\\/\\\/www.xn--zgr-meydan-dcb8e.com\\\/#\\\/schema\\\/person\\\/38e43bd12d45bc50f43455b037132cd0\"},\"headline\":\"\u2018A\u015eI OLMAYANLAR Y\u00dcZ\u00dcNDEN R\u0130SK ALTINDAYIZ\u2019 D\u0130YENLERE H\u00d6ST! D\u0130YEB\u0130LMEK\u2026\",\"datePublished\":\"2021-07-28T18:27:07+00:00\",\"dateModified\":\"2023-06-16T19:33:03+00:00\",\"mainEntityOfPage\":{\"@id\":\"https:\\\/\\\/www.xn--zgr-meydan-dcb8e.com\\\/?p=1306\"},\"wordCount\":1222,\"articleSection\":[\"GENEL\"],\"inLanguage\":\"tr\"},{\"@type\":\"WebPage\",\"@id\":\"https:\\\/\\\/www.xn--zgr-meydan-dcb8e.com\\\/?p=1306\",\"url\":\"https:\\\/\\\/www.xn--zgr-meydan-dcb8e.com\\\/?p=1306\",\"name\":\"\u2018A\u015eI OLMAYANLAR Y\u00dcZ\u00dcNDEN R\u0130SK ALTINDAYIZ\u2019 D\u0130YENLERE H\u00d6ST! D\u0130YEB\u0130LMEK\u2026 - \u00d6zg\u00fcr-Meydan\",\"isPartOf\":{\"@id\":\"https:\\\/\\\/www.xn--zgr-meydan-dcb8e.com\\\/#website\"},\"datePublished\":\"2021-07-28T18:27:07+00:00\",\"dateModified\":\"2023-06-16T19:33:03+00:00\",\"author\":{\"@id\":\"https:\\\/\\\/www.xn--zgr-meydan-dcb8e.com\\\/#\\\/schema\\\/person\\\/38e43bd12d45bc50f43455b037132cd0\"},\"breadcrumb\":{\"@id\":\"https:\\\/\\\/www.xn--zgr-meydan-dcb8e.com\\\/?p=1306#breadcrumb\"},\"inLanguage\":\"tr\",\"potentialAction\":[{\"@type\":\"ReadAction\",\"target\":[\"https:\\\/\\\/www.xn--zgr-meydan-dcb8e.com\\\/?p=1306\"]}]},{\"@type\":\"BreadcrumbList\",\"@id\":\"https:\\\/\\\/www.xn--zgr-meydan-dcb8e.com\\\/?p=1306#breadcrumb\",\"itemListElement\":[{\"@type\":\"ListItem\",\"position\":1,\"name\":\"Anasayfa\",\"item\":\"https:\\\/\\\/www.xn--zgr-meydan-dcb8e.com\\\/\"},{\"@type\":\"ListItem\",\"position\":2,\"name\":\"\u2018A\u015eI OLMAYANLAR Y\u00dcZ\u00dcNDEN R\u0130SK ALTINDAYIZ\u2019 D\u0130YENLERE H\u00d6ST! D\u0130YEB\u0130LMEK\u2026\"}]},{\"@type\":\"WebSite\",\"@id\":\"https:\\\/\\\/www.xn--zgr-meydan-dcb8e.com\\\/#website\",\"url\":\"https:\\\/\\\/www.xn--zgr-meydan-dcb8e.com\\\/\",\"name\":\"\u00d6zg\u00fcr-Meydan\",\"description\":\"Ba\u011f\u0131ms\u0131z, siyasi, \u00f6zg\u00fcr-yay\u0131n\",\"potentialAction\":[{\"@type\":\"SearchAction\",\"target\":{\"@type\":\"EntryPoint\",\"urlTemplate\":\"https:\\\/\\\/www.xn--zgr-meydan-dcb8e.com\\\/?s={search_term_string}\"},\"query-input\":{\"@type\":\"PropertyValueSpecification\",\"valueRequired\":true,\"valueName\":\"search_term_string\"}}],\"inLanguage\":\"tr\"},{\"@type\":\"Person\",\"@id\":\"https:\\\/\\\/www.xn--zgr-meydan-dcb8e.com\\\/#\\\/schema\\\/person\\\/38e43bd12d45bc50f43455b037132cd0\",\"name\":\"Ali Galip Sayilgan\",\"sameAs\":[\"http:\\\/\\\/www.\u00f6zg\u00fcr-meydan.com\\\/\"],\"url\":\"https:\\\/\\\/www.xn--zgr-meydan-dcb8e.com\\\/?author=1\"}]}<\/script>\n<!-- \/ Yoast SEO plugin. -->","yoast_head_json":{"title":"\u2018A\u015eI OLMAYANLAR Y\u00dcZ\u00dcNDEN R\u0130SK ALTINDAYIZ\u2019 D\u0130YENLERE H\u00d6ST! D\u0130YEB\u0130LMEK\u2026 - \u00d6zg\u00fcr-Meydan","robots":{"index":"index","follow":"follow","max-snippet":"max-snippet:-1","max-image-preview":"max-image-preview:large","max-video-preview":"max-video-preview:-1"},"canonical":"https:\/\/www.xn--zgr-meydan-dcb8e.com\/?p=1306","og_locale":"tr_TR","og_type":"article","og_title":"\u2018A\u015eI OLMAYANLAR Y\u00dcZ\u00dcNDEN R\u0130SK ALTINDAYIZ\u2019 D\u0130YENLERE H\u00d6ST! D\u0130YEB\u0130LMEK\u2026 - \u00d6zg\u00fcr-Meydan","og_description":"Hava fena halde a\u011f\u0131r, ba\u011f\u0131r ba\u011f\u0131rabildi\u011fin kadar, ba\u011f\u0131rt\u0131n kuru g\u00fcr\u00fclt\u00fcn kendi duydu\u011fun kadard\u0131r. Kendi duydu\u011fumuz kuru g\u00fcr\u00fclt\u00fcm\u00fcz i\u00e7inde propaganda i\u00e7erikli dayatmalar\u0131 \u00e7\u00f6z\u00fcmlemeye, ba\u015fkalar\u0131n\u0131 ikna etme yerine, kendi kendimizi ikna etmeye \u00e7al\u0131\u015fmaktan asl\u0131nda ba\u015fka bir \u015fey yapm\u0131yoruz. Yukar\u0131da resim format\u0131nda verdi\u011fim","og_url":"https:\/\/www.xn--zgr-meydan-dcb8e.com\/?p=1306","og_site_name":"\u00d6zg\u00fcr-Meydan","article_published_time":"2021-07-28T18:27:07+00:00","article_modified_time":"2023-06-16T19:33:03+00:00","author":"Ali Galip Sayilgan","twitter_card":"summary_large_image","twitter_misc":{"Yazan:":"Ali Galip Sayilgan","Tahmini okuma s\u00fcresi":"6 dakika"},"schema":{"@context":"https:\/\/schema.org","@graph":[{"@type":"Article","@id":"https:\/\/www.xn--zgr-meydan-dcb8e.com\/?p=1306#article","isPartOf":{"@id":"https:\/\/www.xn--zgr-meydan-dcb8e.com\/?p=1306"},"author":{"name":"Ali Galip Sayilgan","@id":"https:\/\/www.xn--zgr-meydan-dcb8e.com\/#\/schema\/person\/38e43bd12d45bc50f43455b037132cd0"},"headline":"\u2018A\u015eI OLMAYANLAR Y\u00dcZ\u00dcNDEN R\u0130SK ALTINDAYIZ\u2019 D\u0130YENLERE H\u00d6ST! D\u0130YEB\u0130LMEK\u2026","datePublished":"2021-07-28T18:27:07+00:00","dateModified":"2023-06-16T19:33:03+00:00","mainEntityOfPage":{"@id":"https:\/\/www.xn--zgr-meydan-dcb8e.com\/?p=1306"},"wordCount":1222,"articleSection":["GENEL"],"inLanguage":"tr"},{"@type":"WebPage","@id":"https:\/\/www.xn--zgr-meydan-dcb8e.com\/?p=1306","url":"https:\/\/www.xn--zgr-meydan-dcb8e.com\/?p=1306","name":"\u2018A\u015eI OLMAYANLAR Y\u00dcZ\u00dcNDEN R\u0130SK ALTINDAYIZ\u2019 D\u0130YENLERE H\u00d6ST! D\u0130YEB\u0130LMEK\u2026 - \u00d6zg\u00fcr-Meydan","isPartOf":{"@id":"https:\/\/www.xn--zgr-meydan-dcb8e.com\/#website"},"datePublished":"2021-07-28T18:27:07+00:00","dateModified":"2023-06-16T19:33:03+00:00","author":{"@id":"https:\/\/www.xn--zgr-meydan-dcb8e.com\/#\/schema\/person\/38e43bd12d45bc50f43455b037132cd0"},"breadcrumb":{"@id":"https:\/\/www.xn--zgr-meydan-dcb8e.com\/?p=1306#breadcrumb"},"inLanguage":"tr","potentialAction":[{"@type":"ReadAction","target":["https:\/\/www.xn--zgr-meydan-dcb8e.com\/?p=1306"]}]},{"@type":"BreadcrumbList","@id":"https:\/\/www.xn--zgr-meydan-dcb8e.com\/?p=1306#breadcrumb","itemListElement":[{"@type":"ListItem","position":1,"name":"Anasayfa","item":"https:\/\/www.xn--zgr-meydan-dcb8e.com\/"},{"@type":"ListItem","position":2,"name":"\u2018A\u015eI OLMAYANLAR Y\u00dcZ\u00dcNDEN R\u0130SK ALTINDAYIZ\u2019 D\u0130YENLERE H\u00d6ST! D\u0130YEB\u0130LMEK\u2026"}]},{"@type":"WebSite","@id":"https:\/\/www.xn--zgr-meydan-dcb8e.com\/#website","url":"https:\/\/www.xn--zgr-meydan-dcb8e.com\/","name":"\u00d6zg\u00fcr-Meydan","description":"Ba\u011f\u0131ms\u0131z, siyasi, \u00f6zg\u00fcr-yay\u0131n","potentialAction":[{"@type":"SearchAction","target":{"@type":"EntryPoint","urlTemplate":"https:\/\/www.xn--zgr-meydan-dcb8e.com\/?s={search_term_string}"},"query-input":{"@type":"PropertyValueSpecification","valueRequired":true,"valueName":"search_term_string"}}],"inLanguage":"tr"},{"@type":"Person","@id":"https:\/\/www.xn--zgr-meydan-dcb8e.com\/#\/schema\/person\/38e43bd12d45bc50f43455b037132cd0","name":"Ali Galip Sayilgan","sameAs":["http:\/\/www.\u00f6zg\u00fcr-meydan.com\/"],"url":"https:\/\/www.xn--zgr-meydan-dcb8e.com\/?author=1"}]}},"_links":{"self":[{"href":"https:\/\/www.xn--zgr-meydan-dcb8e.com\/index.php?rest_route=\/wp\/v2\/posts\/1306","targetHints":{"allow":["GET"]}}],"collection":[{"href":"https:\/\/www.xn--zgr-meydan-dcb8e.com\/index.php?rest_route=\/wp\/v2\/posts"}],"about":[{"href":"https:\/\/www.xn--zgr-meydan-dcb8e.com\/index.php?rest_route=\/wp\/v2\/types\/post"}],"author":[{"embeddable":true,"href":"https:\/\/www.xn--zgr-meydan-dcb8e.com\/index.php?rest_route=\/wp\/v2\/users\/1"}],"replies":[{"embeddable":true,"href":"https:\/\/www.xn--zgr-meydan-dcb8e.com\/index.php?rest_route=%2Fwp%2Fv2%2Fcomments&post=1306"}],"version-history":[{"count":11,"href":"https:\/\/www.xn--zgr-meydan-dcb8e.com\/index.php?rest_route=\/wp\/v2\/posts\/1306\/revisions"}],"predecessor-version":[{"id":1421,"href":"https:\/\/www.xn--zgr-meydan-dcb8e.com\/index.php?rest_route=\/wp\/v2\/posts\/1306\/revisions\/1421"}],"wp:attachment":[{"href":"https:\/\/www.xn--zgr-meydan-dcb8e.com\/index.php?rest_route=%2Fwp%2Fv2%2Fmedia&parent=1306"}],"wp:term":[{"taxonomy":"category","embeddable":true,"href":"https:\/\/www.xn--zgr-meydan-dcb8e.com\/index.php?rest_route=%2Fwp%2Fv2%2Fcategories&post=1306"},{"taxonomy":"post_tag","embeddable":true,"href":"https:\/\/www.xn--zgr-meydan-dcb8e.com\/index.php?rest_route=%2Fwp%2Fv2%2Ftags&post=1306"}],"curies":[{"name":"wp","href":"https:\/\/api.w.org\/{rel}","templated":true}]}}