{"id":1365,"date":"2013-12-11T23:00:13","date_gmt":"2013-12-11T21:00:13","guid":{"rendered":"https:\/\/www.xn--zgr-meydan-dcb8e.com\/?p=1365"},"modified":"2024-06-16T09:53:46","modified_gmt":"2024-06-16T06:53:46","slug":"avrupadaki-multeciler-nicin-kendilerini-surgun-olarak-adlandiriyorlar","status":"publish","type":"post","link":"https:\/\/www.xn--zgr-meydan-dcb8e.com\/?p=1365","title":{"rendered":"AVRUPA\u2019DAK\u0130 M\u00dcLTEC\u0130LER N\u0130\u00c7\u0130N KEND\u0130LER\u0130N\u0130  \u2018\u2018S\u00dcRG\u00dcN\u2019\u2019 OLARAK ADLANDIRIYORLAR?  (*)"},"content":{"rendered":"<p>&nbsp;<\/p>\n<p><img fetchpriority=\"high\" decoding=\"async\" class=\"alignnone  wp-image-1366\" src=\"https:\/\/www.\u00f6zg\u00fcr-meydan.com\/wp-content\/uploads\/2022\/07\/multeci2-300x107.png\" alt=\"\" width=\"583\" height=\"208\" srcset=\"https:\/\/www.\u00f6zg\u00fcr-meydan.com\/wp-content\/uploads\/2022\/07\/multeci2-300x107.png 300w, https:\/\/www.\u00f6zg\u00fcr-meydan.com\/wp-content\/uploads\/2022\/07\/multeci2.png 700w\" sizes=\"(max-width: 583px) 100vw, 583px\" \/><\/p>\n<p>Bir site kurmu\u015flar kendileri \u00e7al\u0131yor kendileri oynuyor misali, adlar\u0131na \u00a0\u201cs\u00fcrg\u00fcn\u201d s\u0131fat\u0131n\u0131 takm\u0131\u015flar: S\u00fcrg\u00fcn!<\/p>\n<p>Bu insanlar\u0131 kim s\u00fcrg\u00fcn etmi\u015f, bu s\u0131fat\u0131 bu insanlara kim vermi\u015f belli de\u011fil Avrupa s\u00fcrg\u00fcnleri ismiyle yat\u0131p s\u00fcrg\u00fcn ismiyle kalk\u0131yorlar\u2026<\/p>\n<p>Ger\u00e7ekten komik\u2026<\/p>\n<p>Bir o kadarda \u015faka gibi\u2026<\/p>\n<p>Bir s\u00fcrg\u00fcn terimi, bir s\u00fcrg\u00fcn edebiyat\u0131 tutturmu\u015f gidiyorlar. Adlar\u0131 da Avrupa s\u00fcrg\u00fcnleriymi\u015f\u2026<\/p>\n<p>Kim, kimi nas\u0131l s\u00fcrm\u00fc\u015f, kim nas\u0131l s\u00fcrg\u00fcn olmu\u015f? Bir kaostur alm\u0131\u015f ba\u015f\u0131n\u0131 gidiyor.<\/p>\n<p>Bizim bildi\u011fimiz s\u00fcrg\u00fcn \u0130se,\u00a0<strong>bir devletin bir muhalifi kendi s\u0131n\u0131rlar\u0131 i\u00e7erisinde herhangi bir \u015fehrinde zorunlu ikamete tutmas\u0131 ve her ak\u015fam polis ve jandarma karakolunda \u2018ben buraday\u0131m\u2019 imzas\u0131n\u0131 atand\u0131r.<\/strong><\/p>\n<p>S\u0131k\u0131y\u00f6netim mahkemelerinden ald\u0131\u011f\u0131m iki ayr\u0131 s\u00fcrg\u00fcn\u00fc hat\u0131rlay\u0131nca (Yozgat ve Burdur \u015fehirleri gelir akl\u0131ma) \u2018\u2018\u0130ki\u015fer y\u0131l Yirmi\u015fer g\u00fcn TCK\u2019n\u0131n 173\/3 maddesi uyar\u0131nca taktiren; ikametle genel g\u00fcvenlik g\u00f6zetimi alt\u0131nda bulundurulmalar\u0131na\u2019\u2019 diye c\u00fcmlelerle biten s\u00fcrg\u00fcn olma halimiz ba\u015flard\u0131. Di\u011fer bir anlam\u0131yla, yani her ak\u015fam karakolda \u015fahs\u0131m\u0131za d\u00fczenlenmi\u015f bir deftere ataca\u011f\u0131m imza kar\u015f\u0131l\u0131\u011f\u0131nda iki y\u0131l g\u00f6receli bir \u00f6zg\u00fcrl\u00fc\u011f\u00fcm s\u00f6z konusu olacakt\u0131\u2026<\/p>\n<p>Bir muhalifin kendi \u00fclkesinden can g\u00fcvenli\u011fi, i\u015fkence korkusu, uzun erimli hapis korkusu, Aile yak\u0131nlar\u0131n\u0131n k\u00f6t\u00fc muamele g\u00f6rmemesi i\u00e7in ba\u015fka bir \u00fclkeye s\u0131\u011f\u0131nmas\u0131na iltica denir. \u0130lticas\u0131 kabul edildikten sonra bu ki\u015fiye\u00a0<strong>m\u00fclteci\u00a0<\/strong>denir.<\/p>\n<p>Malum s\u00fcrg\u00fcn olma hali deyim yerindeyse s\u00fcrg\u00fcn olma forsu bizlere cezalar\u0131m\u0131z\u0131 mahpusta bitirtilene kadar son buldu. Yani T\u00fcrkiye\u2019de cezai anlam\u0131nda s\u00fcrg\u00fcnler kald\u0131r\u0131ld\u0131\u011f\u0131 i\u00e7in s\u00fcrg\u00fcnlere y\u00fcklenen gizemli fors da b\u00f6ylece son buldu.<\/p>\n<p>Yasalardan s\u00fcrg\u00fcn olma halini \u00e7\u0131kartt\u0131lar.<\/p>\n<p>Tahliye olunca da s\u00fcrg\u00fcne g\u00f6nderilmedik.<\/p>\n<p>Anla\u015f\u0131lan o ki s\u00fcrg\u00fcn olma halinin nostaljisi kimilerinin psikolojisini d\u00fczeltiyor san\u0131r\u0131m Ger\u00e7ek bir tedavi \u015fekli olmasa da avunma ve ac\u0131nd\u0131rma psikolojisinde belki i\u015fe yarayabilir.<\/p>\n<p>12 Eyl\u00fcl 1980 fa\u015fizminin heyulas\u0131 bir karabasan gibi indi\u011fi topraklar\u0131m\u0131zda bir\u00e7ok insan Avrupa ya iltica etmek i\u00e7in\u00a0<strong>ka\u00e7mak<\/strong>\u00a0zorunda kalm\u0131\u015ft\u0131r.<\/p>\n<p>Kimisi korkudan, kimisi arand\u0131\u011f\u0131 i\u00e7in, gerek\u00e7esi ne olursa olsun, sonu\u00e7ta a\u011f\u0131r i\u015fkencelere tabi kalmamak i\u00e7in, \u00f6zg\u00fcrl\u00fc\u011f\u00fcn\u00fc d\u00f6rt duvar aras\u0131na s\u0131k\u0131\u015ft\u0131rmamak i\u00e7in, (bir \u015fekilde) \u00a0Avrupa\u2019ya \u00e7\u0131k\u0131p iltica ba\u015fvurusu yapan bir hayli insan s\u00f6z konusudur.<\/p>\n<p>Hepimizin bildi\u011fi gibi sosyal haklara ve refaha sahip olan Avrupa \u00fclkelerinin cazibesinden dolay\u0131 ekonomik al\u0131m g\u00fcc\u00fcne sahip olmayan yoksul insanlar\u0131m\u0131z\u0131n bir k\u0131sm\u0131 da \u00a0&#8216;umuda yolculuk&#8217;\u00a0ad\u0131 verilen bir yolculu\u011fa \u00e7\u0131kmalar\u0131yla ekonomik ilticac\u0131 olarak Avrupa\u2019da ya\u015famaktad\u0131rlar.<\/p>\n<p>12 Eyl\u00fcl le birlikte tanklar\u0131n arkas\u0131nda cesetleri s\u00fcr\u00fcklenenlerin yan\u0131 s\u0131ra, k\u00f6yleri yak\u0131lanlar, bok yedirilenler, ba\u015fta K\u00fcrtler olmak \u00fczere, S\u00fcryani Vb. gibi dinsel etnik kimliklere sahip olanlar, bir \u00e7o\u011fu T\u00fcrkiye i\u00e7indeki metropol \u015fehirlere\u00a0 (\u0130stanbul, \u0130zmir Ankara, Adana, Mersin) yerle\u015firken ka\u00e7abilenler de Avrupa\u2019n\u0131n herhangi bir \u015fehrinde ekonomik ilticac\u0131 olarak ya\u015famaktad\u0131rlar.<\/p>\n<p>Zaman i\u00e7erisinde kimi insanlar\u0131n iltica ba\u015fvurusu kabul edildi, kimisinin ise kabul edilmedi. \u0130lticalar\u0131 kabul edilmeyeneler ba\u015fka \u00fclkeler de iltica ba\u015fvurusunda bulunarak ya\u015famlar\u0131n\u0131 s\u00fcrd\u00fcrmeye devam ettiler.\u00a0 Bulunduklar\u0131 \u00fclkelerde ilticalar\u0131n\u0131 kabul ettiremeyen insanlar, ya T\u00fcrkiye\u2019ye d\u00f6nd\u00fcler,\u00a0 ya da ka\u00e7ak stat\u00fcs\u00fcnde \u00e7al\u0131\u015fmak zorunda kald\u0131lar.<\/p>\n<p>Ekonomik ilticac\u0131lar her halik\u00fclarda anla\u015f\u0131labilir, as\u0131l anla\u015f\u0131lmaz olanlarla ilgili benim as\u0131l sorunum.\u00a0 Anlatmak istedi\u011fim as\u0131l konu ekonomik ilticalarla ilgili de\u011fil, tam tersine politik bir kimli\u011fe sahip \u00f6rg\u00fct y\u00f6neticisi ya da \u00fcyesi s\u0131fat\u0131yla Avrupa\u2019ya \u00e7\u0131kan insanlarla ilgili.<\/p>\n<p>Hepimizin bildi\u011fi gibi T\u00fcrkiye\u2019de m\u00fccadele etmek isteyenler T\u00fcrkiye ye zaman\u0131nda \u00e7oktan d\u00f6nd\u00fc. Ayr\u0131ca hukuksal konumlar\u0131 el vermese de farkl\u0131 yollardan devrimci m\u00fccadeleye d\u00f6nenen arkada\u015flar vard\u0131r. \u015eu anda T\u00fcrkiye\u2019de mahkemeleri bitmi\u015f, bir\u00e7ok m\u00fclteci ya\u015famaktad\u0131r.\u00a0 Neden acaba d\u00f6nm\u00fcyorlar T\u00fcrkiye\u2019ye?<\/p>\n<p>Avrupa da kurulan yeni d\u00fczenin bozulmas\u0131n\u0131 istemeyenlerde bir\u00a0\u00a0<strong>\u2018s\u00fcrg\u00fcn arabeski \u2019<\/strong>nin geli\u015fti\u011fini g\u00f6zlemlemekteyiz.\u00a0<strong>\u2018 \u2026 sevenin halinden sevenler anlar\u2019<\/strong>\u00a0misali\u00a0<strong>\u2018 s\u00fcrg\u00fcn\u00fcn halinden s\u00fcrg\u00fcnler anlar\u2019<\/strong>\u00a0i\u00e7erikli bir birini destekler yaz\u0131lar bile yazmaktalar.<a href=\"http:\/\/avrupasurgunleri.com\/surgunun-halinden-sungun-anlar\/\">http:\/\/avrupasurgunleri.com\/surgunun-halinden-sungun-anlar\/<\/a><\/p>\n<p>Arabesk ruhun g\u0131das\u0131 m\u0131d\u0131r bilinmez ama\u00a0<strong>\u00a0&#8216;s\u00fcrg\u00fcnl\u00fck&#8217;\u00a0<\/strong>g\u0131das\u0131 adeta ruhlar\u0131 g\u0131d\u0131kl\u0131yor. S\u00fcrg\u00fcn olma hali adeta bir tradejiye \u00a0d\u00f6n\u00fc\u015f\u00fcyor. \u00c7akaralmaz bir silah\u0131n ac\u0131kl\u0131\u00a0\u00f6yk\u00fcs\u00fc gibi temcit pilav\u0131 gibi \u00a0s\u00fcrg\u00fcnl\u00fck g\u00fczellemesi \u0131s\u0131t\u0131l\u0131p \u0131s\u0131t\u0131l\u0131p sunuluyor.<\/p>\n<p>Buna psikolojide mast\u00fcrbasyon denilse de san\u0131r\u0131m ger\u00e7eklikle y\u00fczle\u015fmek bir t\u00fcrl\u00fc i\u015fimize gelmiyor.<\/p>\n<p><strong><u>&#8216;Karde\u015fim seni kim s\u00fcrg\u00fcn etti?&#8217;<\/u><\/strong> diye bir \u00a0soru sorsak, tutarl\u0131 bir yan\u0131t alamayaca\u011f\u0131m\u0131z\u0131 biliyoruz.<\/p>\n<p>\u0130\u015fin tuhaf \u00a0taraf\u0131 s\u00fcrg\u00fcn olma edebiyat\u0131n\u0131n ger\u00e7ek olabilmesi i\u00e7in ellerinde \u00a0mahkeme \u00a0karar\u0131 olmas\u0131 gerekir. Ka\u00e7arak m\u00fclteci konumunu se\u00e7mek s\u00fcrg\u00fcn g\u00fczellemesini hakl\u0131 \u00e7\u0131karmaz.<\/p>\n<p><strong>&#8216;\u2026M\u00fclteciler \u00e7a\u011f\u0131nda ya\u015f\u0131yoruz. D\u00fcnyan\u0131n neresine gitseniz \u00a0her \u00fclkeden insanla kar\u015f\u0131la\u015fabilirsiniz. G\u00f6\u00e7menler \u00e7a\u011f\u0131 da denilebilir buna. G\u00f6\u00e7menlik de bir t\u00fcr s\u00fcrg\u00fcnl\u00fck de\u011fil midir?&#8217;<\/strong>\u00a0 diyorlar.<\/p>\n<p>Hay\u0131r de\u011fildir!<\/p>\n<p>S\u00fcrg\u00fcn\u00fcn tan\u0131m\u0131n\u0131 yukar\u0131da yeterince yapt\u0131k bence\u00a0<strong>s\u00fcrg\u00fcn arabesk<\/strong> <strong>\u2018ine<\/strong> ihtiyac\u0131m\u0131z\u0131n olmad\u0131\u011f\u0131n\u0131 d\u00fc\u015f\u00fcn\u00fcyorum.<\/p>\n<p>O halde senin ne i\u015fin var burada denilebilir. Birincisi ben, 12 Eyl\u00fcl 1980 den \u00f6nce tas\u0131-tara\u011f\u0131 toplay\u0131p Avrupa\u2019ya hicret edenlerden de\u011filim.<\/p>\n<p>Baz\u0131 nedenlerden dolay\u0131 zorunlu olarak buraday\u0131m detaylara girmeyece\u011fim ama\u00a0 bir ka\u00e7 c\u00fcmle ile sorunu ek yapaca\u011f\u0131m.\u00a0Amnesty \u0130nternationale <strong>(Uluslararas\u0131 Af \u00d6rg\u00fct\u00fc)<\/strong> yard\u0131m\u0131yla Almanya\u2019ya getirildim.<\/p>\n<p>Sonu\u00e7 olarak T\u00fcrkiye Cumhuriyeti taraf\u0131ndan m\u00fclga 403 say\u0131l\u0131 T\u00fcrk Vatanda\u015fl\u0131\u011f\u0131 Kanunun 25-\u00e7 maddesi\u00a0uyar\u0131nca Bakanlar Kurulunun 25.01.1996 tarih ve 7773 say\u0131l\u0131 karar\u0131 ile T\u00fcrk Vatanda\u015fl\u0131\u011f\u0131ndan at\u0131ld\u0131m. Haliyle\u00a0\u00a0\u00a0Alman vatanda\u015f\u0131y\u0131m.<\/p>\n<p>\u0130\u015flemi\u015f oldu\u011fum konuya ki\u015fiselle\u015ftirmeden tekrardan konumuza\u00a0 d\u00f6necek olursak T\u00fcrk vatanda\u015fl\u0131\u011f\u0131ndan at\u0131lmama kar\u015f\u0131n kendimi s\u00fcrg\u00fcn edebiyat\u0131n\u0131n i\u00e7inde\u00a0 s\u00fcrg\u00fcn arabeskine ait g\u00f6rm\u00fcyorum.<\/p>\n<p>Maalesef\u00a0 durum \u00e7ok farkl\u0131d\u0131r Avrupa&#8217;da\u00a0 adeta s\u00fcrg\u00fcnc\u00fcl\u00fck tiyatrosu oynan\u0131yor. Bu T\u00fcrkiye solu ger\u00e7ekten iflah olmaz m\u00fcspet al\u0131\u015fkanl\u0131klarla doludur, bu s\u00fcrg\u00fcnc\u00fcl\u00fck tiyatrosuyla adeta\u00a0 i\u00e7selle\u015fmi\u015f durumdalar. Kimi insanlar kendilerine \u015fefli\u011fin g\u00f6kten zembille indi\u011fini sand\u0131klar\u0131 i\u00e7in kendine s\u00fcrg\u00fcn artabeskini yak\u0131\u015ft\u0131rmayacak da kim yak\u0131\u015ft\u0131racak?\u00a0 Dolay\u0131s\u0131yla s\u00fcrg\u00fcn abs\u00fcrtl\u00fc\u011f\u00fcne y\u00fcklenen anlamda san\u0131r\u0131m bundan kaynaklan\u0131yor. \u0130\u015fleri g\u00fc\u00e7leri yok s\u00fcrg\u00fcnc\u00fcl\u00fck nostaljisi \u00fcretiyorlar. \u2018\u015eeflik\u2019 r\u00fctbesini \u00fcst\u00fcnden bir t\u00fcrl\u00fc atamayanlar san\u0131r\u0131m kendilerine bu tarzda misyon bi\u00e7iyorlar. Gizemli bir \u015fekilde politik ma\u011fduru oynamak bu olsa gerek.<\/p>\n<p>Avrupa\u2019da bu insanlar\u0131n s\u00fcrg\u00fcn olabilmeleri i\u00e7in devlete ait yarg\u0131 organlar\u0131nca Avrupa da s\u00fcrg\u00fcne tabi olduklar\u0131na dair bir mahkeme karar\u0131 s\u00f6z konusu olmas\u0131 gerekir. Bu olmad\u0131\u011f\u0131na g\u00f6re geriye kal\u0131yor iltica hakk\u0131ndan faydalanmak. \u0130lticac\u0131l\u0131kla s\u00fcrg\u00fcn olmay\u0131 kar\u0131\u015ft\u0131ranlara\u00a0<strong>(kar\u0131\u015ft\u0131rmak isteyenlere) <\/strong>siyasi rant pe\u015finde ko\u015fmakla tan\u0131mlamam\u0131z san\u0131r\u0131m hatal\u0131 olmayacakt\u0131r.<\/p>\n<p>T\u00fcrkiye Sol\u2019unun bu durumda olmas\u0131nda b\u00fcy\u00fck pay sahibi olanlar, \u015fimdi de s\u00fcrg\u00fcnc\u00fcl\u00fck nostaljisiyle, yeni bir s\u00fcrg\u00fcn arabesk k\u00fclt\u00fcr\u00fcn\u00fcn olu\u015fmas\u0131na su ta\u015f\u0131yan de\u011firmen konumundalar.<\/p>\n<p>Sanki\u00a0<strong>\u201cs\u00fcrg\u00fcnleri\u201d<\/strong>\u00a0Avrupa\u2019 da zorla tutan varm\u0131\u015f gibi \u2018kendilerini s\u00fcrg\u00fcn ilan etmeleri \u2019de, ayr\u0131 bir trajedi komikliktir.<\/p>\n<p>Bak\u0131yorum sayfalar\u0131na s\u00fcrg\u00fcn olma psikolojisinin yazarl\u0131\u011f\u0131n\u0131 bile yap\u0131yorlar. Sadece bu kadar de\u011fil tabiiki\u00a0\u00a0<strong>\u2018S\u00fcrg\u00fcnler Meclisi\u2019<\/strong>\u00a0\u00a0bile kurmu\u015flar.<\/p>\n<p>21.11.2013\u00a0 tarihinde \u2018\u2019S\u00fcrg\u00fcnler Meclisi\u2019\u2019 nin 1.Ola\u011fan genel kurul i\u00e7in davetiye bile tasarlam\u0131\u015flar. Adeta evcilik oyunu gibi bir s\u00fcrg\u00fcnc\u00fcl\u00fck oyunu devam edip gidiyor.<\/p>\n<p>Avrupa S\u00fcrg\u00fcn Platformunun <strong>\u2018S\u00fcrg\u00fcn\u2019<\/strong>\u00a0tarifi \u015f\u00f6yle:<\/p>\n<p><strong>\u2018S\u00fcrg\u00fcnl\u00fck, sosyal, politik, inan\u00e7sal farkl\u0131l\u0131klar veya sava\u015flar ve benzeri nedenlerle ya da do\u011fal afetlerle gerek\u00e7elendirilerek insanlar\u0131n do\u011fduklar\u0131 topraklar\u0131 ya da ya\u015fam alanlar\u0131n\u0131 terk etmek zorunda b\u0131rakma ya da b\u0131rakt\u0131rma halidir. Kendi iradesi d\u0131\u015f\u0131nda bir dayatma olarak bu hal i\u00e7inde ya\u015famak zorunda b\u0131rak\u0131lan ki\u015fi ise, s\u00fcrg\u00fcn olarak tan\u0131mlan\u0131r.\u2019<\/strong><\/p>\n<p>Oysa biz yukar\u0131da anlatm\u0131\u015ft\u0131k\u00a0<strong>\u2018s\u00fcrg\u00fcn<\/strong><strong>\u00fcn<\/strong><strong>\u2019<\/strong> nas\u0131l olabilece\u011fini.<\/p>\n<p>Bizim <strong>\u2018s\u00fcrg\u00fcnler\u2019<\/strong>\u00a0ilticac\u0131l\u0131kla s\u00fcrg\u00fcn m\u00fceyyidesini bir birine kar\u0131\u015ft\u0131r\u0131p \u00e7orba yaparlarken s\u00fcrg\u00fcnc\u00fcl\u00fck oyununda bu kez kendilerine g\u00f6rev bi\u00e7mi\u015fler.<\/p>\n<p>Ne diyelim kolay gelsin, demeden \u00f6nce kendilerine bi\u00e7tikleri g\u00f6revin i\u015flevi\u00a0<strong>\u2018s\u00fcrg\u00fcnc\u00fcl\u00fck oyunu\u2019<\/strong>\u00a0de\u011fil T\u00fcrkiye\u2019ye d\u00f6nmek ve T\u00fcrkiye de m\u00fccadeleye kat\u0131lmak olmal\u0131yd\u0131 ama olmad\u0131 (!)<\/p>\n<p>Bir an ezgiyi tersinden okur gibi yaparsak,\u00a0\u00a0<strong>\u2018Avrupa s\u00fcrg\u00fcnleri miz; d\u00f6nen d\u00f6ns\u00fcn ben d\u00f6n mezem yolumdan\u2019<\/strong><strong>\u00a0<\/strong>dercesine Avrupa y\u0131 terk etmemeye yeminli konumuna d\u00fc\u015fm\u00fc\u015f durumdalar.<\/p>\n<p>Bir devrimcinin g\u00f6revi devrim yapmak ise bu do\u011frultuda kendi \u00fclkesindeki m\u00fccadeleye kat\u0131lmakt\u0131r. Bu g\u00fcne kadar hi\u00e7 birinin T\u00fcrkiye ye d\u00f6nme, T\u00fcrkiye de m\u00fccadele verme gibi bir derdi olmayan ilticac\u0131lar\u0131m\u0131z \u015fimdide bir paye elde etmi\u015fler gibi\u00a0<strong>\u2018s\u00fcrg\u00fcnc\u00fcl\u00fc\u011f\u00fcn edebiyat\u00e7\u0131l\u0131\u011f\u0131na\u2019<\/strong>\u00a0soyunmu\u015f durumdalar.<\/p>\n<p>Kendilerine ilticac\u0131 ya da m\u00fclteci ad\u0131 verirlerse bu ad taraf\u0131m\u0131zca anla\u015f\u0131l\u0131r bir \u015fey, ama s\u00fcrg\u00fcn olma halleri, trajedi komedinin tam da kendisidir.<\/p>\n<p>33 senedir Avrupa da ilticac\u0131 olanlar an\u0131lar\u0131 d\u0131\u015f\u0131nda s\u0131n\u0131f m\u00fccadelesine katk\u0131 yapacak ne gibi bir kuram geli\u015ftirmi\u015fler? Hangi bilimsel bir yap\u0131t\u0131n alt\u0131na imza atm\u0131\u015flar do\u011frusu d\u00fc\u015f\u00fcnd\u00fcr\u00fcc\u00fc.<\/p>\n<p>Ge\u00e7mi\u015fte kitlelere \u00e7ektikleri\u00a0ajitasyonu yeniden ke\u015ffedip\u00a0i\u00e7selle\u015ftirirlerken,\u00a0bu kez kendilerine s\u00fcrg\u00fcn olma halinin ajitasyonunu \u00e7eker konumuna d\u00fc\u015fm\u00fc\u015flerdir. B\u00fct\u00fcn bunlara sarf edebilece\u011fim tek bir kelime var. Oda \u015fu;<\/p>\n<p>Kendinizi de\u011fi\u015ftirmedi\u011finiz s\u00fcrece, size sayg\u0131 duymuyorum, duymayaca\u011f\u0131m!<\/p>\n<p>Ali Galip Say\u0131lgan<\/p>\n<p>&nbsp;<\/p>\n<p><strong><u>Dip Notlar:<\/u><\/strong><\/p>\n<p><strong><sup>(*)<\/sup><\/strong>\u00a0( Merakl\u0131lar\u0131 bu adrese y\u00f6nlendirebilirim:\u00a0<a href=\"http:\/\/avrupasurgunleri.com\/ozan-emekcinin-bitmeyen-surgunu\/\">http:\/\/avrupasurgunleri.com\/ozan-emekcinin-bitmeyen-surgunu\/<\/a>\u00a0)<\/p>\n<p>&nbsp;<\/p>\n<p>&nbsp;<\/p>\n","protected":false},"excerpt":{"rendered":"<p>&nbsp; Bir site kurmu\u015flar kendileri \u00e7al\u0131yor kendileri oynuyor misali, adlar\u0131na \u00a0\u201cs\u00fcrg\u00fcn\u201d s\u0131fat\u0131n\u0131 takm\u0131\u015flar: S\u00fcrg\u00fcn! Bu insanlar\u0131 kim s\u00fcrg\u00fcn etmi\u015f, bu s\u0131fat\u0131 bu insanlara kim vermi\u015f belli de\u011fil Avrupa s\u00fcrg\u00fcnleri ismiyle yat\u0131p s\u00fcrg\u00fcn ismiyle kalk\u0131yorlar\u2026 Ger\u00e7ekten komik\u2026 Bir o kadarda \u015faka<\/p>\n","protected":false},"author":1,"featured_media":0,"comment_status":"closed","ping_status":"closed","sticky":false,"template":"","format":"standard","meta":{"footnotes":""},"categories":[1],"tags":[],"class_list":["post-1365","post","type-post","status-publish","format-standard","hentry","category-genel"],"yoast_head":"<!-- This site is optimized with the Yoast SEO plugin v27.4 - https:\/\/yoast.com\/product\/yoast-seo-wordpress\/ -->\n<title>AVRUPA\u2019DAK\u0130 M\u00dcLTEC\u0130LER N\u0130\u00c7\u0130N KEND\u0130LER\u0130N\u0130 \u2018\u2018S\u00dcRG\u00dcN\u2019\u2019 OLARAK ADLANDIRIYORLAR? (*) - \u00d6zg\u00fcr-Meydan<\/title>\n<meta name=\"robots\" content=\"index, follow, max-snippet:-1, max-image-preview:large, max-video-preview:-1\" \/>\n<link rel=\"canonical\" href=\"https:\/\/www.xn--zgr-meydan-dcb8e.com\/?p=1365\" \/>\n<meta property=\"og:locale\" content=\"tr_TR\" \/>\n<meta property=\"og:type\" content=\"article\" \/>\n<meta property=\"og:title\" content=\"AVRUPA\u2019DAK\u0130 M\u00dcLTEC\u0130LER N\u0130\u00c7\u0130N KEND\u0130LER\u0130N\u0130 \u2018\u2018S\u00dcRG\u00dcN\u2019\u2019 OLARAK ADLANDIRIYORLAR? (*) - \u00d6zg\u00fcr-Meydan\" \/>\n<meta property=\"og:description\" content=\"&nbsp; Bir site kurmu\u015flar kendileri \u00e7al\u0131yor kendileri oynuyor misali, adlar\u0131na \u00a0\u201cs\u00fcrg\u00fcn\u201d s\u0131fat\u0131n\u0131 takm\u0131\u015flar: S\u00fcrg\u00fcn! Bu insanlar\u0131 kim s\u00fcrg\u00fcn etmi\u015f, bu s\u0131fat\u0131 bu insanlara kim vermi\u015f belli de\u011fil Avrupa s\u00fcrg\u00fcnleri ismiyle yat\u0131p s\u00fcrg\u00fcn ismiyle kalk\u0131yorlar\u2026 Ger\u00e7ekten komik\u2026 Bir o kadarda \u015faka\" \/>\n<meta property=\"og:url\" content=\"https:\/\/www.xn--zgr-meydan-dcb8e.com\/?p=1365\" \/>\n<meta property=\"og:site_name\" content=\"\u00d6zg\u00fcr-Meydan\" \/>\n<meta property=\"article:published_time\" content=\"2013-12-11T21:00:13+00:00\" \/>\n<meta property=\"article:modified_time\" content=\"2024-06-16T06:53:46+00:00\" \/>\n<meta name=\"author\" content=\"Ali Galip Sayilgan\" \/>\n<meta name=\"twitter:card\" content=\"summary_large_image\" \/>\n<meta name=\"twitter:label1\" content=\"Yazan:\" \/>\n\t<meta name=\"twitter:data1\" content=\"Ali Galip Sayilgan\" \/>\n\t<meta name=\"twitter:label2\" content=\"Tahmini okuma s\u00fcresi\" \/>\n\t<meta name=\"twitter:data2\" content=\"9 dakika\" \/>\n<script type=\"application\/ld+json\" class=\"yoast-schema-graph\">{\"@context\":\"https:\\\/\\\/schema.org\",\"@graph\":[{\"@type\":\"Article\",\"@id\":\"https:\\\/\\\/www.xn--zgr-meydan-dcb8e.com\\\/?p=1365#article\",\"isPartOf\":{\"@id\":\"https:\\\/\\\/www.xn--zgr-meydan-dcb8e.com\\\/?p=1365\"},\"author\":{\"name\":\"Ali Galip Sayilgan\",\"@id\":\"https:\\\/\\\/www.xn--zgr-meydan-dcb8e.com\\\/#\\\/schema\\\/person\\\/38e43bd12d45bc50f43455b037132cd0\"},\"headline\":\"AVRUPA\u2019DAK\u0130 M\u00dcLTEC\u0130LER N\u0130\u00c7\u0130N KEND\u0130LER\u0130N\u0130 \u2018\u2018S\u00dcRG\u00dcN\u2019\u2019 OLARAK ADLANDIRIYORLAR? (*)\",\"datePublished\":\"2013-12-11T21:00:13+00:00\",\"dateModified\":\"2024-06-16T06:53:46+00:00\",\"mainEntityOfPage\":{\"@id\":\"https:\\\/\\\/www.xn--zgr-meydan-dcb8e.com\\\/?p=1365\"},\"wordCount\":1862,\"articleSection\":[\"GENEL\"],\"inLanguage\":\"tr\"},{\"@type\":\"WebPage\",\"@id\":\"https:\\\/\\\/www.xn--zgr-meydan-dcb8e.com\\\/?p=1365\",\"url\":\"https:\\\/\\\/www.xn--zgr-meydan-dcb8e.com\\\/?p=1365\",\"name\":\"AVRUPA\u2019DAK\u0130 M\u00dcLTEC\u0130LER N\u0130\u00c7\u0130N KEND\u0130LER\u0130N\u0130 \u2018\u2018S\u00dcRG\u00dcN\u2019\u2019 OLARAK ADLANDIRIYORLAR? (*) - \u00d6zg\u00fcr-Meydan\",\"isPartOf\":{\"@id\":\"https:\\\/\\\/www.xn--zgr-meydan-dcb8e.com\\\/#website\"},\"datePublished\":\"2013-12-11T21:00:13+00:00\",\"dateModified\":\"2024-06-16T06:53:46+00:00\",\"author\":{\"@id\":\"https:\\\/\\\/www.xn--zgr-meydan-dcb8e.com\\\/#\\\/schema\\\/person\\\/38e43bd12d45bc50f43455b037132cd0\"},\"breadcrumb\":{\"@id\":\"https:\\\/\\\/www.xn--zgr-meydan-dcb8e.com\\\/?p=1365#breadcrumb\"},\"inLanguage\":\"tr\",\"potentialAction\":[{\"@type\":\"ReadAction\",\"target\":[\"https:\\\/\\\/www.xn--zgr-meydan-dcb8e.com\\\/?p=1365\"]}]},{\"@type\":\"BreadcrumbList\",\"@id\":\"https:\\\/\\\/www.xn--zgr-meydan-dcb8e.com\\\/?p=1365#breadcrumb\",\"itemListElement\":[{\"@type\":\"ListItem\",\"position\":1,\"name\":\"Anasayfa\",\"item\":\"https:\\\/\\\/www.xn--zgr-meydan-dcb8e.com\\\/\"},{\"@type\":\"ListItem\",\"position\":2,\"name\":\"AVRUPA\u2019DAK\u0130 M\u00dcLTEC\u0130LER N\u0130\u00c7\u0130N KEND\u0130LER\u0130N\u0130 \u2018\u2018S\u00dcRG\u00dcN\u2019\u2019 OLARAK ADLANDIRIYORLAR? (*)\"}]},{\"@type\":\"WebSite\",\"@id\":\"https:\\\/\\\/www.xn--zgr-meydan-dcb8e.com\\\/#website\",\"url\":\"https:\\\/\\\/www.xn--zgr-meydan-dcb8e.com\\\/\",\"name\":\"\u00d6zg\u00fcr-Meydan\",\"description\":\"Ba\u011f\u0131ms\u0131z, siyasi, \u00f6zg\u00fcr-yay\u0131n\",\"potentialAction\":[{\"@type\":\"SearchAction\",\"target\":{\"@type\":\"EntryPoint\",\"urlTemplate\":\"https:\\\/\\\/www.xn--zgr-meydan-dcb8e.com\\\/?s={search_term_string}\"},\"query-input\":{\"@type\":\"PropertyValueSpecification\",\"valueRequired\":true,\"valueName\":\"search_term_string\"}}],\"inLanguage\":\"tr\"},{\"@type\":\"Person\",\"@id\":\"https:\\\/\\\/www.xn--zgr-meydan-dcb8e.com\\\/#\\\/schema\\\/person\\\/38e43bd12d45bc50f43455b037132cd0\",\"name\":\"Ali Galip Sayilgan\",\"sameAs\":[\"http:\\\/\\\/www.\u00f6zg\u00fcr-meydan.com\\\/\"],\"url\":\"https:\\\/\\\/www.xn--zgr-meydan-dcb8e.com\\\/?author=1\"}]}<\/script>\n<!-- \/ Yoast SEO plugin. -->","yoast_head_json":{"title":"AVRUPA\u2019DAK\u0130 M\u00dcLTEC\u0130LER N\u0130\u00c7\u0130N KEND\u0130LER\u0130N\u0130 \u2018\u2018S\u00dcRG\u00dcN\u2019\u2019 OLARAK ADLANDIRIYORLAR? (*) - \u00d6zg\u00fcr-Meydan","robots":{"index":"index","follow":"follow","max-snippet":"max-snippet:-1","max-image-preview":"max-image-preview:large","max-video-preview":"max-video-preview:-1"},"canonical":"https:\/\/www.xn--zgr-meydan-dcb8e.com\/?p=1365","og_locale":"tr_TR","og_type":"article","og_title":"AVRUPA\u2019DAK\u0130 M\u00dcLTEC\u0130LER N\u0130\u00c7\u0130N KEND\u0130LER\u0130N\u0130 \u2018\u2018S\u00dcRG\u00dcN\u2019\u2019 OLARAK ADLANDIRIYORLAR? (*) - \u00d6zg\u00fcr-Meydan","og_description":"&nbsp; Bir site kurmu\u015flar kendileri \u00e7al\u0131yor kendileri oynuyor misali, adlar\u0131na \u00a0\u201cs\u00fcrg\u00fcn\u201d s\u0131fat\u0131n\u0131 takm\u0131\u015flar: S\u00fcrg\u00fcn! Bu insanlar\u0131 kim s\u00fcrg\u00fcn etmi\u015f, bu s\u0131fat\u0131 bu insanlara kim vermi\u015f belli de\u011fil Avrupa s\u00fcrg\u00fcnleri ismiyle yat\u0131p s\u00fcrg\u00fcn ismiyle kalk\u0131yorlar\u2026 Ger\u00e7ekten komik\u2026 Bir o kadarda \u015faka","og_url":"https:\/\/www.xn--zgr-meydan-dcb8e.com\/?p=1365","og_site_name":"\u00d6zg\u00fcr-Meydan","article_published_time":"2013-12-11T21:00:13+00:00","article_modified_time":"2024-06-16T06:53:46+00:00","author":"Ali Galip Sayilgan","twitter_card":"summary_large_image","twitter_misc":{"Yazan:":"Ali Galip Sayilgan","Tahmini okuma s\u00fcresi":"9 dakika"},"schema":{"@context":"https:\/\/schema.org","@graph":[{"@type":"Article","@id":"https:\/\/www.xn--zgr-meydan-dcb8e.com\/?p=1365#article","isPartOf":{"@id":"https:\/\/www.xn--zgr-meydan-dcb8e.com\/?p=1365"},"author":{"name":"Ali Galip Sayilgan","@id":"https:\/\/www.xn--zgr-meydan-dcb8e.com\/#\/schema\/person\/38e43bd12d45bc50f43455b037132cd0"},"headline":"AVRUPA\u2019DAK\u0130 M\u00dcLTEC\u0130LER N\u0130\u00c7\u0130N KEND\u0130LER\u0130N\u0130 \u2018\u2018S\u00dcRG\u00dcN\u2019\u2019 OLARAK ADLANDIRIYORLAR? (*)","datePublished":"2013-12-11T21:00:13+00:00","dateModified":"2024-06-16T06:53:46+00:00","mainEntityOfPage":{"@id":"https:\/\/www.xn--zgr-meydan-dcb8e.com\/?p=1365"},"wordCount":1862,"articleSection":["GENEL"],"inLanguage":"tr"},{"@type":"WebPage","@id":"https:\/\/www.xn--zgr-meydan-dcb8e.com\/?p=1365","url":"https:\/\/www.xn--zgr-meydan-dcb8e.com\/?p=1365","name":"AVRUPA\u2019DAK\u0130 M\u00dcLTEC\u0130LER N\u0130\u00c7\u0130N KEND\u0130LER\u0130N\u0130 \u2018\u2018S\u00dcRG\u00dcN\u2019\u2019 OLARAK ADLANDIRIYORLAR? (*) - \u00d6zg\u00fcr-Meydan","isPartOf":{"@id":"https:\/\/www.xn--zgr-meydan-dcb8e.com\/#website"},"datePublished":"2013-12-11T21:00:13+00:00","dateModified":"2024-06-16T06:53:46+00:00","author":{"@id":"https:\/\/www.xn--zgr-meydan-dcb8e.com\/#\/schema\/person\/38e43bd12d45bc50f43455b037132cd0"},"breadcrumb":{"@id":"https:\/\/www.xn--zgr-meydan-dcb8e.com\/?p=1365#breadcrumb"},"inLanguage":"tr","potentialAction":[{"@type":"ReadAction","target":["https:\/\/www.xn--zgr-meydan-dcb8e.com\/?p=1365"]}]},{"@type":"BreadcrumbList","@id":"https:\/\/www.xn--zgr-meydan-dcb8e.com\/?p=1365#breadcrumb","itemListElement":[{"@type":"ListItem","position":1,"name":"Anasayfa","item":"https:\/\/www.xn--zgr-meydan-dcb8e.com\/"},{"@type":"ListItem","position":2,"name":"AVRUPA\u2019DAK\u0130 M\u00dcLTEC\u0130LER N\u0130\u00c7\u0130N KEND\u0130LER\u0130N\u0130 \u2018\u2018S\u00dcRG\u00dcN\u2019\u2019 OLARAK ADLANDIRIYORLAR? (*)"}]},{"@type":"WebSite","@id":"https:\/\/www.xn--zgr-meydan-dcb8e.com\/#website","url":"https:\/\/www.xn--zgr-meydan-dcb8e.com\/","name":"\u00d6zg\u00fcr-Meydan","description":"Ba\u011f\u0131ms\u0131z, siyasi, \u00f6zg\u00fcr-yay\u0131n","potentialAction":[{"@type":"SearchAction","target":{"@type":"EntryPoint","urlTemplate":"https:\/\/www.xn--zgr-meydan-dcb8e.com\/?s={search_term_string}"},"query-input":{"@type":"PropertyValueSpecification","valueRequired":true,"valueName":"search_term_string"}}],"inLanguage":"tr"},{"@type":"Person","@id":"https:\/\/www.xn--zgr-meydan-dcb8e.com\/#\/schema\/person\/38e43bd12d45bc50f43455b037132cd0","name":"Ali Galip Sayilgan","sameAs":["http:\/\/www.\u00f6zg\u00fcr-meydan.com\/"],"url":"https:\/\/www.xn--zgr-meydan-dcb8e.com\/?author=1"}]}},"_links":{"self":[{"href":"https:\/\/www.xn--zgr-meydan-dcb8e.com\/index.php?rest_route=\/wp\/v2\/posts\/1365","targetHints":{"allow":["GET"]}}],"collection":[{"href":"https:\/\/www.xn--zgr-meydan-dcb8e.com\/index.php?rest_route=\/wp\/v2\/posts"}],"about":[{"href":"https:\/\/www.xn--zgr-meydan-dcb8e.com\/index.php?rest_route=\/wp\/v2\/types\/post"}],"author":[{"embeddable":true,"href":"https:\/\/www.xn--zgr-meydan-dcb8e.com\/index.php?rest_route=\/wp\/v2\/users\/1"}],"replies":[{"embeddable":true,"href":"https:\/\/www.xn--zgr-meydan-dcb8e.com\/index.php?rest_route=%2Fwp%2Fv2%2Fcomments&post=1365"}],"version-history":[{"count":1,"href":"https:\/\/www.xn--zgr-meydan-dcb8e.com\/index.php?rest_route=\/wp\/v2\/posts\/1365\/revisions"}],"predecessor-version":[{"id":1367,"href":"https:\/\/www.xn--zgr-meydan-dcb8e.com\/index.php?rest_route=\/wp\/v2\/posts\/1365\/revisions\/1367"}],"wp:attachment":[{"href":"https:\/\/www.xn--zgr-meydan-dcb8e.com\/index.php?rest_route=%2Fwp%2Fv2%2Fmedia&parent=1365"}],"wp:term":[{"taxonomy":"category","embeddable":true,"href":"https:\/\/www.xn--zgr-meydan-dcb8e.com\/index.php?rest_route=%2Fwp%2Fv2%2Fcategories&post=1365"},{"taxonomy":"post_tag","embeddable":true,"href":"https:\/\/www.xn--zgr-meydan-dcb8e.com\/index.php?rest_route=%2Fwp%2Fv2%2Ftags&post=1365"}],"curies":[{"name":"wp","href":"https:\/\/api.w.org\/{rel}","templated":true}]}}