{"id":139,"date":"2017-02-09T02:57:34","date_gmt":"2017-02-08T23:57:34","guid":{"rendered":"http:\/\/www.xn--zgr-meydan-dcb8e.com\/?p=139"},"modified":"2023-06-16T22:22:56","modified_gmt":"2023-06-16T19:22:56","slug":"terminolojik-gazel-ne-kadar-realitedir","status":"publish","type":"post","link":"https:\/\/www.xn--zgr-meydan-dcb8e.com\/?p=139","title":{"rendered":"Termonolojik &#8221;gazel&#8221;ne kadar realitedir?"},"content":{"rendered":"<p><a href=\"http:\/\/www.xn--zgr-meydan-dcb8e.com\/?p=139\"><img fetchpriority=\"high\" decoding=\"async\" class=\"alignleft size-full wp-image-482\" src=\"http:\/\/www.xn--zgr-meydan-dcb8e.com\/wp-content\/uploads\/2017\/02\/termolojik_gazel.png\" alt=\"\" width=\"700\" height=\"250\" srcset=\"https:\/\/www.\u00f6zg\u00fcr-meydan.com\/wp-content\/uploads\/2017\/02\/termolojik_gazel.png 700w, https:\/\/www.\u00f6zg\u00fcr-meydan.com\/wp-content\/uploads\/2017\/02\/termolojik_gazel-300x107.png 300w\" sizes=\"(max-width: 700px) 100vw, 700px\" \/><\/a><\/p>\n<p><span style=\"font-family: arial, helvetica, sans-serif; font-size: 20px;\"><span style=\"color: #000000;\">K\u0131l pay\u0131\u00a0<strong><em>\u2018Tro\u00e7kist\u2019(!)\u00a0<\/em><\/strong>olmaktan y\u0131rtt\u0131k m\u0131 ne?<\/span><a href=\"http:\/\/fraksiyon.org\/sosyalistlerin-hdp-disinda-ne-isi-var\/\u00a0\"><span style=\"color: #000000;\">http:\/\/fraksiyon.org\/sosyalistlerin-hdp-disinda-ne-isi-var\/<\/span><\/a><span style=\"color: #000000;\"><a href=\"http:\/\/fraksiyon.org\/sosyalistlerin-hdp-disinda-ne-isi-var\/\u00a0\">\u00a0<\/a> \u00a0linkinde yer alan \u00a0<\/span><span style=\"color: #000000;\"><em><strong>(Sosyalistlerin HDP D\u0131\u015f\u0131nda Ne \u0130\u015fi Var?)\u00a0\u00a0\u00a0<\/strong><\/em>ba\u015fl\u0131kl\u0131 bir yaz\u0131ya dair&#8230;<\/span><span style=\"color: #000000;\">Yazar\u0131m\u0131z hem soru soruyor hem de kendisi yan\u0131tl\u0131yor, arkas\u0131ndan \u00a0niyetini de ekliyor:<\/span><span style=\"color: #000000;\"><strong><em>\u2018\u2018Bu, 20. y\u00fczy\u0131lda bir\u00e7ok devrim deneyiminde say\u0131s\u0131z kereler sorulmu\u015f ve pratikte yan\u0131tlanm\u0131\u015f bir sorudur. Tro\u00e7kist hareketin kimi kesimleri d\u0131\u015f\u0131nda bu soruyu olumsuz yan\u0131tlayacak hi\u00e7bir devrimci, sosyalist yap\u0131 tan\u0131m\u0131yorum.<\/em><\/strong><strong><em>\u2019\u2019\u00a0<\/em><\/strong>Yazar\u0131m\u0131z\u0131n bu mantalitesine kar\u015f\u0131 \u00e7\u0131k\u0131yorsan kafadan Tro\u00e7kist oluyorsun.\u00a0<\/span><span style=\"color: #000000;\">\u0130yi gene insafl\u0131ym\u0131\u015f HDP \u2019yi ele\u015ftirenleri falan Kemalist ve Stat\u00fckocu yapmam\u0131\u015f. Zira bilin\u00e7 altlar\u0131ndaki tek mantalite K\u00fcrt siyasetini ele\u015ftirenler kafadan bu kategoriye giriyor. Yani buna g\u00f6re ele\u015ftirmeyen sosyalist laz\u0131m.\u00a0 Yoksa vay halinize! <\/span><span style=\"color: #000000;\">Ben Tro\u00e7kist de\u011filim, Kemalist, Stat\u00fckocuda de\u011filim netcez \u015fimdi? <\/span><span style=\"color: #000000;\">Daha da ileri gideyim bir T\u00fcrk Sosyalisti olarak sizin vazge\u00e7ti\u011finiz ba\u011f\u0131ms\u0131z K\u00fcrdistan\u2019dan yanay\u0131m. \u015eimdi ben hangi kategoriye giriyorum \u00a0do\u011frusu merak ediyorum! <\/span><span style=\"color: #000000;\">T\u00fcrk Sosyalistlerinin neden uzak kald\u0131\u011f\u0131 bu k\u0131sa giri\u015f olarak bu cevap bile yeter asl\u0131nda, tabiki anlayana.<\/span><span style=\"color: #000000;\">Yazar\u0131m\u0131z kafas\u0131ndaki\u00a0olay\u0131 o\u00a0kadarda \u00f6n yarg\u0131l\u0131 betimliyor ki\u00a0<strong><em>\u2018\u2018<\/em><\/strong>\u2026\u00a0<strong><em>bu soruyu olumsuz yan\u0131tlayacak hi\u00e7bir devrimci, sosyalist yap\u0131 tan\u0131m\u0131yorum.<\/em><\/strong><strong><em>\u2019\u2019\u00a0<\/em><\/strong>\u00a0diyor.<\/span><\/span><\/p>\n<p><span style=\"color: #000000; font-size: 20px; font-family: arial, helvetica, sans-serif;\">O halde tan\u0131\u2026<\/span><\/p>\n<p><span style=\"color: #000000; font-size: 20px; font-family: arial, helvetica, sans-serif;\"><strong><em>\u2018\u2018Halklar\u0131n Demokratik Kongresi, Bat\u0131\u2019da, K\u00fcrt ulusal hareketinin g\u00fc\u00e7leriyle devrimci demokratik ak\u0131mlar\u0131n g\u00fc\u00e7lerinin birle\u015ftirilmesini \u00f6ng\u00f6ren antifa\u015fist antiemperyalist bir cephele\u015fme hamlesidir.\u2019\u2019\u00a0<\/em><\/strong>denilirken,<strong><em>\u00a0<\/em><\/strong>antifa\u015fist neyse de, antiemperyalist bir yan\u0131n\u0131 daha hen\u00fcz ben g\u00f6remedim. G\u00f6ren varsa neye dayanarak g\u00f6rd\u00fc\u011f\u00fcn\u00fc a\u00e7\u0131klamal\u0131d\u0131r.<\/span><\/p>\n<p><span style=\"color: #000000; font-size: 20px; font-family: arial, helvetica, sans-serif;\">Anti emperyalistim demekle malum anti emperyalist olunmuyor.\u00a0 HDK anlay\u0131\u015f\u0131n\u0131n filizlendi\u011fi BDP ko\u015ftura ko\u015ftura gitti\u011fi Amerikan ziyaretleri kapal\u0131 kap\u0131lar arkas\u0131ndaki g\u00f6r\u00fc\u015fmelerle mi antiemperyalist oldunuz? Bu durum daha hen\u00fcz haf\u0131zalardan silinmeden kendilerini antiemperyalist ilan etmeleri ne kadar inand\u0131r\u0131c\u0131?<\/span><\/p>\n<p><span style=\"color: #000000; font-size: 20px; font-family: arial, helvetica, sans-serif;\">Hani bir \u00f6zdeyi\u015f vard\u0131r litarat\u00f6r\u00fcm\u00fczde\u00a0<strong><em>\u2018hi\u00e7 kimse seni \u00f6vm\u00fcyorsa sen kendi kendini \u00f6v!\u2019<\/em><\/strong>diye ge\u00e7en \u00f6zdeyi\u015f tamda konumuzla ilgili san\u0131r\u0131m. Do\u011frusunu isterseniz HDK \u2019n\u0131n<strong><em>\u2018antiemperyalist\u00a0<\/em><\/strong>\u2019ligini ben buna ba\u011fl\u0131yorum.<\/span><\/p>\n<p><span style=\"color: #000000; font-size: 20px; font-family: arial, helvetica, sans-serif;\">Emperyalist hedeflerle bar\u0131\u015f\u0131k ya\u015fay\u0131p kendine antiemperyalist demekle antiemperyalist olunmad\u0131\u011f\u0131n\u0131 san\u0131r\u0131m kendileri de bilir. <\/span><\/p>\n<p><span style=\"color: #000000; font-size: 20px; font-family: arial, helvetica, sans-serif;\">Deniliyor ki,\u00a0<strong><em>\u2018Sosyalistlerin HDP d\u0131\u015f\u0131nda ne i\u015fi var?&#8217;<\/em><\/strong><\/span><\/p>\n<p><span style=\"color: #000000; font-size: 20px; font-family: arial, helvetica, sans-serif;\">Do\u011frusunu isterseniz komik bir soru. Bunu siz, \u00f6nce kendinize sorun.<\/span><\/p>\n<p><span style=\"color: #000000; font-size: 20px; font-family: arial, helvetica, sans-serif;\">Bu soruyu soran arkada\u015f\u0131m\u0131z ya\u015fanan ger\u00e7eklerden\u00a0<strong><em>bi-habermi\u015f gibi davranarak<\/em><\/strong>\u00a0i\u015fi san\u0131r\u0131m, iyi niyetlili\u011fe vuruyor.<\/span><\/p>\n<p><span style=\"font-size: 20px; font-family: arial, helvetica, sans-serif;\"><span style=\"color: #000000;\">Hemen s\u00f6yleyelim HDP hangi s\u0131n\u0131f temeline dayan\u0131yor? <\/span><span style=\"color: #000000;\">Yazar\u0131m\u0131z bu soruya ka\u00e7amak davran\u0131rken konuyla alakas\u0131 olmayan Sovyet ve \u00c7in \u00f6rneklerini verirken cephe birlikteliklerini serpi\u015ftirip duruyor. \u00a0Do\u011fru Cephe bile\u015fkesinde kimin hangi s\u0131n\u0131f\u0131 temsil etti\u011finin pek o kadar \u00f6nemi yok. \u0130rdeledi\u011finde\u00a0<strong><em>her bile\u015fke<\/em><\/strong>\u00a0her fraksiyon belli bir s\u0131n\u0131f\u0131 temsil etti\u011fini ileri s\u00fcrer.<\/span><\/span><\/p>\n<p><span style=\"color: #000000; font-size: 20px; font-family: arial, helvetica, sans-serif;\">HDP d\u0131\u015f\u0131ndaki Sosyalistleri garipseyen yazar\u0131m\u0131z HDP\u2019nin ne oldu\u011funu verdi\u011fi \u00f6rneklerde analiz edemiyor. HDP Cephe \u00f6rg\u00fctlenmesi ise ad\u0131 neden HDP?<\/span><\/p>\n<p><span style=\"color: #000000; font-size: 20px; font-family: arial, helvetica, sans-serif;\">Program ve t\u00fcz\u00fc\u011f\u00fcnden g\u00f6rd\u00fc\u011f\u00fcm\u00fcz kadar\u0131yla cephe olay\u0131yla uzaktan ve yak\u0131ndan bir ilgisi yok. O halde serpi\u015ftirilen cephe \u00f6rnekleri neyin nesi? Hayata ne kadar uyuyor? San\u0131r\u0131m bunu okuyucuya b\u0131rakmak en g\u00fczeli.<\/span><\/p>\n<p><span style=\"color: #000000; font-size: 20px; font-family: arial, helvetica, sans-serif;\">Sosyalistler HDP gibi bir \u00e7ad\u0131r partilerine biat etmeyecektir. Biat edenlerde zaten i\u00e7inde varl\u0131klar\u0131 da s\u00f6ylemleri de bir o kadar belirsizdir.<\/span><\/p>\n<p><span style=\"color: #000000; font-size: 20px; font-family: arial, helvetica, sans-serif;\">Enternasyonalist bir dayan\u0131\u015fma gibi kavramlarla HDP i\u00e7inde olanlarda tamda bu yaz\u0131n\u0131n i\u00e7eri\u011finde ge\u00e7en kuyruk\u00e7ulu\u011fun T\u00fcrkiye versiyonu olmaktan \u00f6teye gitmeyecektir. Zaten g\u00f6r\u00fcnen de bu. Anla\u015f\u0131lan o ki, bu durumu a\u015fmak i\u00e7in bu yaz\u0131 kaleme al\u0131nm\u0131\u015f. Durumu kotarmak i\u00e7in taze Kan\u2019a sosyalistlerin bile\u015fkesine ihtiyac\u0131 var.<\/span><\/p>\n<p><span style=\"color: #000000; font-size: 20px; font-family: arial, helvetica, sans-serif;\">\u0130lle kuyruk\u00e7u olmak i\u00e7in Lenin d\u00f6neminde hayat bulan i\u015f\u00e7icilik\u00a0<strong><em>(Uvriyeristlik)<\/em><\/strong>\u00a0konumu\u00a0<strong><em>(t\u0131pa t\u0131p ayn\u0131s\u0131)\u00a0<\/em><\/strong>olmas\u0131 gerekmiyor. Kuyruk\u00e7ulu\u011fun versiyonlar\u0131 \u00e7ok \u00e7e\u015fitlidir. Tarihin kendine \u00f6zg\u00fc deviniminde de\u011fi\u015fik versiyonlar\u0131 bir \u015fekliyle ortaya \u00e7\u0131k\u0131p kendine \u00f6zg\u00fcn yap\u0131sal bir de\u011fi\u015fimi kurumla\u015ft\u0131rabilir. \u00a0<strong><em>\u2018Uvriyerizm\u2019<\/em><\/strong>\u00a0denilince ille de\u00a0<strong>\u2018<em>i\u015f\u00e7i-kuyruk\u00e7ulu\u011fu\u2019<\/em><\/strong>\u00a0anla\u015f\u0131lmas\u0131n.<\/span><\/p>\n<p><span style=\"color: #000000; font-size: 20px; font-family: arial, helvetica, sans-serif;\">Bir d\u00f6nem i\u00e7in ulusal m\u00fccadeleye arg\u00fcman ta\u015f\u0131yan PKK \u00a0 ve \u00a0BDP T\u00fcrkiye \u00f6zg\u00fcl\u00fcnde \u00e7izdi\u011fi tablo Marjinal bir K\u00fcrt siyaseti \u00a0olarak alg\u0131lanm\u0131\u015f bu alg\u0131lanma y\u00fcz\u00fcnden T\u00fcrkiye \u00f6zg\u00fcl\u00fcnde derdini iyi anlatamam\u0131\u015ft\u0131r. Bu g\u00f6r\u00fcng\u00fcn\u00fcn ortadan kald\u0131r\u0131lmas\u0131 HDP \u00a0ismiyle \u00a0yeni bir olu\u015fuma \u00a0<em><strong>(geni\u015f tabanl\u0131 T\u00fcrkiyeli Sosyalistleri de i\u00e7ine olan)<\/strong><\/em>\u00a0bir vitrine ihtiya\u00e7 oldu\u011fu d\u00fc\u015f\u00fcn\u00fclm\u00fc\u015ft\u00fcr. Tekrarlayal\u0131m yeri gelmi\u015fken bu proje Abdullah \u00d6calan\u2019a aittir.<\/span><\/p>\n<p><span style=\"color: #000000; font-size: 20px; font-family: arial, helvetica, sans-serif;\">Sosyalistleri de i\u00e7ine \u00e7ekerek ulusalc\u0131l\u0131k marjinalli\u011fini toplumsal bir pota da eriyebilece\u011fi d\u00fc\u015f\u00fcn\u00fclm\u00fc\u015ft\u00fcr.<\/span><\/p>\n<p><span style=\"color: #000000; font-size: 20px; font-family: arial, helvetica, sans-serif;\">Elbette tarihsel misyonunu tamamlad\u0131\u011f\u0131n\u0131 d\u00fc\u015f\u00fcnd\u00fckleri bu ulusal m\u00fccadelenin izlerini \u00fczerinde yans\u0131tan BDP\u2019ye son vermekti ama\u00e7. O izlenimi g\u00f6lgede b\u0131rakabilmek i\u00e7in daha yo\u011funluklu T\u00fcrk Sosyalistlerini i\u00e7ine alan K\u00fcrt marjinalli\u011finden ar\u0131nm\u0131\u015f bir vitrin tasar\u0131m\u0131yd\u0131 HDP.<\/span><\/p>\n<p><span style=\"color: #000000; font-size: 20px; font-family: arial, helvetica, sans-serif;\">Deniliyor ki;\u00a0<strong><em>\u2018\u2018HDK\u2019n\u0131n emek\u00e7ileri \u00f6rg\u00fctlemedi\u011fi iddias\u0131na,\u00a0<\/em><\/strong><strong><em>HDK\u2019n\u0131n \u00fczerinde y\u00fckseldi\u011fi kitle taban\u0131n\u0131n hemen t\u00fcm\u00fcyle emek\u00e7ilerden olu\u015ftu\u011funu s\u00f6yleyerek somut bir yan\u0131t verebiliriz. HDK emek\u00e7i solunun bir par\u00e7as\u0131d\u0131r.<\/em><\/strong><\/span><\/p>\n<p><span style=\"color: #000000; font-size: 20px; font-family: arial, helvetica, sans-serif;\"><strong><em>HDK, ulusal boyunduru\u011fa kar\u015f\u0131 m\u00fccadele i\u00e7inde politikle\u015fen K\u00fcrt yoksullar\u0131yla Bat\u0131\u2019daki politik i\u015f\u00e7i-emek\u00e7i hareketlerinin birle\u015fik m\u00fccadele mevzisidir.\u2019\u2019<\/em><\/strong><\/span><\/p>\n<p><span style=\"color: #000000; font-size: 20px; font-family: arial, helvetica, sans-serif;\">Ama bazen teori ve pratik ayn\u0131 pota da y\u00fcr\u00fcmez. Niyet etmekle yapmak o konumda olmak \u00e7ok farkl\u0131 \u015feylerdir.<\/span><\/p>\n<p><span style=\"color: #000000; font-size: 20px; font-family: arial, helvetica, sans-serif;\">Ezilen halk ve mazlumluluk kategorisi ve ben yaparsam her \u015fey olur, sosyalistlerde arkam\u0131zdan gelir d\u00fc\u015f\u00fcncesi, pragmatizmin kendisidir. Bir o kadarda optimist bir bile\u015fkedir.<\/span><\/p>\n<p><span style=\"color: #000000; font-size: 20px; font-family: arial, helvetica, sans-serif;\">\u00d6yle ya ben yaparsam olur!<\/span><\/p>\n<p><span style=\"color: #000000; font-size: 20px; font-family: arial, helvetica, sans-serif;\">Ama niyet etti\u011finiz gibi olmuyor i\u015fte\u2026<\/span><\/p>\n<p><span style=\"color: #000000; font-size: 20px; font-family: arial, helvetica, sans-serif;\">Mant\u0131k bu!<\/span><\/p>\n<p><span style=\"color: #000000; font-size: 20px; font-family: arial, helvetica, sans-serif;\">O halde buyurun yap\u0131n d\u0131\u015f\u0131n\u0131zdaki Sosyalistleri neden \u00e7a\u011f\u0131r\u0131yorsunuz?<\/span><\/p>\n<p><span style=\"color: #000000; font-size: 20px; font-family: arial, helvetica, sans-serif;\">Ge\u00e7mi\u015fte de ben yaparsam olur denilmedi mi? \u00a0Denildi.<\/span><\/p>\n<p><span style=\"color: #000000; font-size: 20px; font-family: arial, helvetica, sans-serif;\">Neyin \u00f6z ele\u015ftirisi verildi?<\/span><\/p>\n<p><span style=\"color: #000000; font-size: 20px; font-family: arial, helvetica, sans-serif;\">Elde var s\u0131f\u0131r!<\/span><\/p>\n<p><span style=\"color: #000000; font-size: 20px; font-family: arial, helvetica, sans-serif;\">Hala ayn\u0131 mant\u0131k ben yaparsam olur\u2026<\/span><\/p>\n<p><span style=\"color: #000000; font-size: 20px; font-family: arial, helvetica, sans-serif;\">Gerek K\u00fcrdistan da gerekse K\u00fcrdistan d\u0131\u015f\u0131nda K\u00fcrt ve T\u00fcrk devrimcilerine (\u00d6rg\u00fctlerine) ya\u015fam ve \u00e7al\u0131\u015fma hakk\u0131 tan\u0131mayan PKK\u2019n\u0131n bir \u00f6z ele\u015ftiri verdi\u011fini duyan oldu mu?<\/span><\/p>\n<p><span style=\"color: #000000; font-size: 20px; font-family: arial, helvetica, sans-serif;\">Onlarca devrimciyi \u00f6ld\u00fcren ve \u00f6z ele\u015ftiri vermeyen PKK anlay\u0131\u015f\u0131yla hi\u00e7bir \u015fey olmam\u0131\u015f gibi dalkavuk\u00e7u\u00a0<strong><em>(Uvriyeristlerden)<\/em><\/strong>\u00a0s\u00f6z\u00fcm\u00fcz ona o sosyalistlerden olmayaca\u011f\u0131m\u0131z\u0131 deklare etmeye gerek var m\u0131?<\/span><\/p>\n<p><span style=\"color: #000000; font-size: 20px; font-family: arial, helvetica, sans-serif;\">Do\u011fruya ben yaparsam olur\u2026 Tam bir PKK mant\u0131\u011f\u0131\u2026<\/span><\/p>\n<p><span style=\"color: #000000; font-size: 20px; font-family: arial, helvetica, sans-serif;\">Sahi siz hangi g\u00fcvenden bahsediyorsunuz?<\/span><\/p>\n<p><span style=\"color: #000000; font-size: 20px; font-family: arial, helvetica, sans-serif;\">Ne zamandan beri Sosyalistleri d\u00fc\u015f\u00fcn\u00fcr oldunuz?<\/span><\/p>\n<p><span style=\"color: #000000; font-size: 20px; font-family: arial, helvetica, sans-serif;\">Ulusalc\u0131l\u0131kla sosyalistlik bir arada y\u00fcr\u00fcmedi\u011fine g\u00f6re \u00f6nce ulusalc\u0131lar\u0131m\u0131z sosyalist olmas\u0131 laz\u0131m ki devrimcilere ait d\u00f6kt\u00fckleri onca kan\u0131n samimi olarak bir \u00f6z ele\u015ftirisini versinler ki ortak bir dili bulal\u0131m.<\/span><\/p>\n<p><span style=\"color: #000000; font-size: 20px; font-family: arial, helvetica, sans-serif;\"><strong><em>\u2018\u2018\u2026Her \u015fey bir yana, PKK ve K\u00fcrt yurtsever hareketinin esasen emek\u00e7ilere dayanan, yoksul halk\u0131n giri\u015fkenli\u011fi \u00fczerinde y\u00fckselen \u201cplebyen\u201d bir hareket oldu\u011fu bilinen bir ger\u00e7ektir.\u00a0<\/em><\/strong>Bu yorum bize ait de\u011fil bizzat kendileri s\u00f6yl\u00fcyor.<\/span><\/p>\n<p><span style=\"color: #000000; font-size: 20px; font-family: arial, helvetica, sans-serif;\">PKK\u2019n\u0131n ve K\u00fcrt yurtseverli\u011fi \u00fczerinde y\u00fckselen\u00a0<strong><em>\u201cplebyen\u201d\u00a0<\/em><\/strong>lik ten s\u00f6z ediliyor\u00a0<strong><em>(*)\u00a0<\/em><\/strong>\u00a0gelinen realiteyi mercek alt\u0131na ald\u0131\u011f\u0131m\u0131zda plebyenli\u011fin yans\u0131mas\u0131 olan bir nevi kriter, b\u0131rakal\u0131m s\u0131n\u0131f m\u00fccadelesini bir kenara, ulusal m\u00fccadeleden milim \u015fa\u015famayan daha \u00e7ok s\u0131n\u0131fa de\u011fil K\u00fcrt burjuvazisinin ko\u015fullar\u0131n\u0131 iyile\u015ftirmeye yarayan pragmatik bir m\u00fccadele anlay\u0131\u015f\u0131ndan ba\u015fka bir \u015fey de\u011fildir.<\/span><\/p>\n<p><span style=\"color: #000000; font-size: 20px; font-family: arial, helvetica, sans-serif;\">PKK tez elden ismindeki\u00a0<strong><em>i\u015f\u00e7i vurgusundan<\/em><\/strong>\u00a0vazge\u00e7melidir. Zira PKK\u2019n\u0131n post-modern d\u00fcnyas\u0131nda s\u0131n\u0131fsal m\u00fccadele diye bir anlay\u0131\u015f\u0131 yoktur.<\/span><\/p>\n<p><span style=\"color: #000000; font-size: 20px; font-family: arial, helvetica, sans-serif;\"><strong><em>\u2018HDK, ulusal boyunduru\u011fa kar\u015f\u0131 m\u00fccadele i\u00e7inde politikle\u015fen K\u00fcrt yoksullar\u0131yla Bat\u0131\u2019daki politik i\u015f\u00e7i-emek\u00e7i hareketlerinin birle\u015fik m\u00fccadele mevzisidir.\u2019\u2019\u00a0<\/em><\/strong>\u00a0Kendi s\u00f6ylemleriyle tekrarlad\u0131klar\u0131 gibi ulusalc\u0131l\u0131k temelinde bir politika d\u0131\u015f\u0131na \u00e7\u0131kacak bir arg\u00fcmana\u2019da sahip de\u011fildir. \u0130\u015f\u00e7i ve emek\u00e7i hareketlerinin birle\u015fik m\u00fccadele mevzisidir belki ama sadece bu kavram izafidir, real de\u011fildir.<\/span><\/p>\n<p><span style=\"color: #000000; font-size: 20px; font-family: arial, helvetica, sans-serif;\">\u0130\u015f\u00e7i ve emek\u00e7i hareketinin birle\u015fik m\u00fccadelesini HDK Radikal demokraside aray\u0131\u015f\u0131n\u0131 s\u00fcrd\u00fcrmesi de i\u015fte bu y\u00fczdendir. S\u0131n\u0131f m\u00fccadelesi kavram\u0131 sosyalist bir m\u00fccadelenin hedeflenmesinden do\u011fan marksist literat\u00fcr\u00fcn olmazsa olmaz vaz ge\u00e7ilmezidir.\u00a0<em><strong>Radikal demokrasi<\/strong><\/em>\u00a0ise\u00a0<em><strong>post modern<\/strong><\/em>\u00a0bir anlay\u0131\u015f\u0131n Marksizm\u2019e yamanmas\u0131d\u0131r.<\/span><\/p>\n<p><span style=\"color: #000000; font-size: 20px; font-family: arial, helvetica, sans-serif;\">Gayet do\u011fal bir Radikal Demokraside ise ara katmanlardan gelebilen k\u00fc\u00e7\u00fck burjuva s\u0131n\u0131flardan gelen olu\u015fumlar \u00fczerinde y\u00fckselen temsili hakk\u0131n elde tutulmas\u0131yla demokrasicilik gelene\u011finin olu\u015fturmas\u0131ndan ba\u015fka bir milim ileri gidemez.<\/span><\/p>\n<p><span style=\"color: #000000; font-size: 20px; font-family: arial, helvetica, sans-serif;\"><em><strong>Post-Modern<\/strong><\/em>\u00a0arg\u00fcmanl\u0131\u00a0<em><strong>Radikal-Demokrasicilerin<\/strong><\/em>de \u00f6z\u00fcnde zaten i\u015f\u00e7i s\u0131n\u0131f\u0131n\u0131n ba\u015f\u0131n\u0131 \u00e7ekti\u011fi bir i\u015f\u00e7i s\u0131n\u0131fa ait devrim diye d\u00fczeni y\u0131kma diye bir dertleri de yoktur olmayacakt\u0131r da.\u00a0<em><strong>Post-Modern<\/strong><\/em>\u00a0d\u00fcnyas\u0131n\u0131n\u00a0<em><strong>Radikal-Demokrasisi<\/strong><\/em>\u00a0tabiiki onlar i\u00e7in bulunmaz bir Hint kuma\u015f\u0131 gibi buna neden sar\u0131ld\u0131klar\u0131 san\u0131r\u0131m \u015fimdi daha iyi anla\u015f\u0131lacakt\u0131r.<\/span><\/p>\n<p><span style=\"color: #000000; font-size: 20px; font-family: arial, helvetica, sans-serif;\"><strong><em>\u2018\u2018Hedef, HDK program\u0131nda belirtildi\u011fi \u00fczere \u201cdemokrasinin kazan\u0131lmas\u0131\u201d veya HDP program\u0131n\u0131n daha vurgulu ifadesiyle \u201cdemokratik halk iktidar\u0131\u201dd\u0131r. \u00a0Bunun temel arac\u0131n\u0131n halk meclislerine dayal\u0131 bir y\u00f6netim olaca\u011f\u0131 da besbellidir, programdan.\u2019\u2019\u00a0<\/em><\/strong>\u00a0Bu c\u00fcmleler yukar\u0131da s\u00f6ylemlerimizi nas\u0131l destekledi\u011fini san\u0131r\u0131m daha fazla bir \u015feyleri anlatmaya gerek kalmamaktad\u0131r.<\/span><\/p>\n<p><span style=\"color: #000000; font-size: 20px; font-family: arial, helvetica, sans-serif;\"><strong><em>Demokratik Halk \u0130ktidar\u0131nda<\/em><\/strong>\u00a0s\u0131n\u0131flar\u0131n mevzilenmesinden tutunda \u015eimendiferin i\u015flevi mu\u011flakt\u0131r. Buna g\u00f6re Demokratik Halk \u0130ktidar\u0131n\u0131n \u015eimendiferi s\u0131n\u0131f de\u011fil, K\u00fcrt ve T\u00fcrk burjuvazisinin bile\u015fkesi olacakt\u0131r.<em><strong>(Dervi\u015fin fikri \u00a0ne olursa zikri de o \u00a0olurmu\u015f misali gibi fikride zikri de \u00a0bu tespitlerimden bir g\u00fcn sonra bas\u0131na \u00a0d\u00fc\u015ft\u00fc. Resim ba\u015fl\u0131\u011f\u0131n\u0131 buraya \u00a0ta\u015f\u0131yal\u0131m da \u00a0 ne \u00a0s\u00f6yledi\u011fimiz \u00a0daha iyi anla\u015f\u0131ls\u0131n.)<\/strong><\/em><\/span><\/p>\n<p><span style=\"font-size: 20px; font-family: arial, helvetica, sans-serif;\"><span style=\"color: #000000;\">Hayat s\u00f6ylemlerimi do\u011frulamak i\u00e7in sanki adeta yar\u0131\u015f\u0131yor. A\u015fa\u011f\u0131daki tespitlerim 25.07.2012\u00a0tarihli. Bas\u0131na d\u00fc\u015fen<strong>\u00a0<em><strong>\u201dK\u00dcRDS\u0130AD KURULUYOR \u201d<\/strong><\/em>\u00a0\u00a0<\/strong>ba\u015fl\u0131kl\u0131 bu haberle\u00a0<strong>\u00a0<em><strong>(yani daha \u00a0do\u011fmadan)<\/strong><\/em>\u00a0<\/strong>ka\u00e7 y\u0131l \u00f6nce \u00e7ak\u0131\u015ft\u0131\u011f\u0131 ortada. <\/span><span style=\"color: #000000;\"><strong><em>\u201cUlusal \u00e7it i\u00e7inde ya\u015fayan birden fazla ulus ve Uluscuklar \u2019\u0131n palazlanmakta olan burjuvalar\u0131n\u0131n \u00e7\u0131karlar\u0131 bire bir \u00e7ak\u0131\u015fmad\u0131\u011f\u0131ndan dolay\u0131, \u00e7\u0131kar\u0131 bozulan palazlanmakta olan kendi burjuvalar\u0131n\u0131n di\u011fer bir ulusun burjuvazisiyle ayn\u0131 pastay\u0131 payla\u015fmaya yana\u015fm\u0131yorsa, kendi var olu\u015fu i\u00e7in ayaklanmay\u0131 se\u00e7iyorsa, \u2018kendi ulusum dedi\u011fi\u2019 ayn\u0131 dili ayn\u0131 k\u00fclt\u00fcr\u00fc payla\u015ft\u0131\u011f\u0131n\u0131 s\u00f6yledi\u011fi bu insanlar\u0131 ayakland\u0131rmay\u0131 sa\u011flayabilmi\u015fse, burada as\u0131l sorun; do\u011fmakta olan burjuvazinin var olu\u015fu ya da yok olu\u015fu sorunudur. <\/em><\/strong><\/span><span style=\"color: #000000;\"><strong><em>S\u0131n\u0131fl\u0131 kapitalist toplumlarda ulusal muhteval\u0131 her sava\u015f gizde kalm\u0131\u015f burjuvazinin kendi sava\u015f\u0131d\u0131r.\u201d (ab\u00e7.AGS)<\/em><\/strong><\/span><\/span><\/p>\n<p><span style=\"font-size: 20px; font-family: arial, helvetica, sans-serif;\"><span style=\"color: #000000;\">Merakl\u0131s\u0131na duyurulur\u00a0 &#8221;<a href=\"https:\/\/www.xn--zgr-meydan-dcb8e.com\/?p=133\">Yaratt\u0131\u011f\u0131 uluslara \u00f6d\u00fcl verme hakk\u0131 bize de\u011fil tam tersine burjuvaziye\u00a0 ait olmal\u0131<\/a>&#8221;\u00a0 t\u0131klay\u0131n!<\/span><\/span><\/p>\n<p><span style=\"color: #000000; font-size: 20px; font-family: arial, helvetica, sans-serif;\">Dolay\u0131s\u0131yla, asl\u0131nda ba\u015ftaki soruyu tersine \u00e7evirmek daha yerinde olacakt\u0131r:\u00a0<strong><em>\u2018\u2018Sosyalistlerin HDP\u2019nin\u00a0d\u0131\u015f\u0131nda\u00a0ne i\u015fi var?\u2019\u2019\u00a0<\/em><\/strong>de\u011fil, tam tersine HDP nin d\u0131\u015f\u0131nda olmalar\u0131n\u0131n \u00e7ok \u00f6nemli ciddi sebepleri var.<\/span><\/p>\n<p><span style=\"color: #000000; font-size: 20px; font-family: arial, helvetica, sans-serif;\">Ali Galip Say\u0131lgan \u00a0\/ 10.02.2014<\/span><\/p>\n<p><span style=\"color: #000000; font-size: 20px; font-family: arial, helvetica, sans-serif;\"><strong>\u2026\u2026\u2026\u2026Dip-NOT\u2026\u2026&#8230;..<\/strong><\/span><\/p>\n<p><span style=\"color: #000000; font-size: 20px; font-family: arial, helvetica, sans-serif;\"><strong><em><strong><em>(*)<\/em><\/strong>\u00a0<\/em><\/strong><strong><em>Karl Marx&#8217; \u0131n g\u00f6r\u00fc\u015flerini temel alan \u00f6\u011fretinin genel ad\u0131.\u00a0<\/em><\/strong><\/span><\/p>\n<p><span style=\"color: #000000; font-size: 20px; font-family: arial, helvetica, sans-serif;\"><strong><em>\u00a0<\/em><\/strong><strong><em>Marksizm bir \u00f6\u011freti olarak siyasal, ekonomik ve felsefi bir b\u00fct\u00fcnsellik i\u00e7erir. Marksizm, ideolojik alanda, esas olarak s\u0131n\u0131flar sava\u015f\u0131m\u0131 teorisini ortaya atan ve bu sava\u015f\u0131m\u0131n zorunlu sonucu olarak proletarya diktat\u00f6rl\u00fc\u011f\u00fcne ve oradan da toplumsal e\u015fitlik ve \u00f6zg\u00fcrl\u00fck d\u00fcnyas\u0131 kom\u00fcnizme var\u0131laca\u011f\u0131n\u0131 \u00f6ng\u00f6ren bir \u00f6\u011freti olarak tan\u0131mlan\u0131r.<\/em><\/strong><\/span><\/p>\n<p><span style=\"color: #000000; font-size: 20px; font-family: arial, helvetica, sans-serif;\"><strong><em>\u00a0<\/em><\/strong><strong><em>Marksizmin farkl\u0131 t\u00fcrleri olmakla birlikte, bu t\u00fcrlerin ortak\u00a0\u00f6geleri\u00a0bulunmaktad\u0131r. Ancak marksizm t\u00fcrleri, bu \u00f6\u011felerin\u00a0tan\u0131mlanmas\u0131nda da farkl\u0131l\u0131klar g\u00f6sterir. \u00d6rne\u011fin, kullan\u0131lan y\u00f6ntem, ayn\u0131 zamanda marksist felsefi d\u00fc\u015f\u00fcncenin tan\u0131mlamas\u0131n\u0131 da veren ve bilimsel bir y\u00f6ntem olarak sunulan diyalektik materyalizmdir.<\/em><\/strong><\/span><\/p>\n<p>&nbsp;<\/p>\n","protected":false},"excerpt":{"rendered":"<p>K\u0131l pay\u0131\u00a0\u2018Tro\u00e7kist\u2019(!)\u00a0olmaktan y\u0131rtt\u0131k m\u0131 ne?http:\/\/fraksiyon.org\/sosyalistlerin-hdp-disinda-ne-isi-var\/\u00a0 \u00a0linkinde yer alan \u00a0(Sosyalistlerin HDP D\u0131\u015f\u0131nda Ne \u0130\u015fi Var?)\u00a0\u00a0\u00a0ba\u015fl\u0131kl\u0131 bir yaz\u0131ya dair&#8230;Yazar\u0131m\u0131z hem soru soruyor hem de kendisi yan\u0131tl\u0131yor, arkas\u0131ndan \u00a0niyetini de ekliyor:\u2018\u2018Bu, 20. y\u00fczy\u0131lda bir\u00e7ok devrim deneyiminde say\u0131s\u0131z kereler sorulmu\u015f ve pratikte yan\u0131tlanm\u0131\u015f bir<\/p>\n","protected":false},"author":1,"featured_media":0,"comment_status":"closed","ping_status":"open","sticky":false,"template":"","format":"image","meta":{"footnotes":""},"categories":[1],"tags":[],"class_list":["post-139","post","type-post","status-publish","format-image","hentry","category-genel","post_format-post-format-image"],"yoast_head":"<!-- This site is optimized with the Yoast SEO plugin v27.4 - https:\/\/yoast.com\/product\/yoast-seo-wordpress\/ -->\n<title>Termonolojik &#039;&#039;gazel&#039;&#039;ne kadar realitedir? - \u00d6zg\u00fcr-Meydan<\/title>\n<meta name=\"robots\" content=\"index, follow, max-snippet:-1, max-image-preview:large, max-video-preview:-1\" \/>\n<link rel=\"canonical\" href=\"https:\/\/www.xn--zgr-meydan-dcb8e.com\/?p=139\" \/>\n<meta property=\"og:locale\" content=\"tr_TR\" \/>\n<meta property=\"og:type\" content=\"article\" \/>\n<meta property=\"og:title\" content=\"Termonolojik &#039;&#039;gazel&#039;&#039;ne kadar realitedir? - \u00d6zg\u00fcr-Meydan\" \/>\n<meta property=\"og:description\" content=\"K\u0131l pay\u0131\u00a0\u2018Tro\u00e7kist\u2019(!)\u00a0olmaktan y\u0131rtt\u0131k m\u0131 ne?http:\/\/fraksiyon.org\/sosyalistlerin-hdp-disinda-ne-isi-var\/\u00a0 \u00a0linkinde yer alan \u00a0(Sosyalistlerin HDP D\u0131\u015f\u0131nda Ne \u0130\u015fi Var?)\u00a0\u00a0\u00a0ba\u015fl\u0131kl\u0131 bir yaz\u0131ya dair&#8230;Yazar\u0131m\u0131z hem soru soruyor hem de kendisi yan\u0131tl\u0131yor, arkas\u0131ndan \u00a0niyetini de ekliyor:\u2018\u2018Bu, 20. y\u00fczy\u0131lda bir\u00e7ok devrim deneyiminde say\u0131s\u0131z kereler sorulmu\u015f ve pratikte yan\u0131tlanm\u0131\u015f bir\" \/>\n<meta property=\"og:url\" content=\"https:\/\/www.xn--zgr-meydan-dcb8e.com\/?p=139\" \/>\n<meta property=\"og:site_name\" content=\"\u00d6zg\u00fcr-Meydan\" \/>\n<meta property=\"article:published_time\" content=\"2017-02-08T23:57:34+00:00\" \/>\n<meta property=\"article:modified_time\" content=\"2023-06-16T19:22:56+00:00\" \/>\n<meta property=\"og:image\" content=\"https:\/\/www.\u00f6zg\u00fcr-meydan.com\/wp-content\/uploads\/2017\/02\/termolojik_gazel.png\" \/>\n\t<meta property=\"og:image:width\" content=\"700\" \/>\n\t<meta property=\"og:image:height\" content=\"250\" \/>\n\t<meta property=\"og:image:type\" content=\"image\/png\" \/>\n<meta name=\"author\" content=\"Ali Galip Sayilgan\" \/>\n<meta name=\"twitter:card\" content=\"summary_large_image\" \/>\n<meta name=\"twitter:label1\" content=\"Yazan:\" \/>\n\t<meta name=\"twitter:data1\" content=\"Ali Galip Sayilgan\" \/>\n\t<meta name=\"twitter:label2\" content=\"Tahmini okuma s\u00fcresi\" \/>\n\t<meta name=\"twitter:data2\" content=\"10 dakika\" \/>\n<script type=\"application\/ld+json\" class=\"yoast-schema-graph\">{\"@context\":\"https:\\\/\\\/schema.org\",\"@graph\":[{\"@type\":\"Article\",\"@id\":\"https:\\\/\\\/www.xn--zgr-meydan-dcb8e.com\\\/?p=139#article\",\"isPartOf\":{\"@id\":\"https:\\\/\\\/www.xn--zgr-meydan-dcb8e.com\\\/?p=139\"},\"author\":{\"name\":\"Ali Galip Sayilgan\",\"@id\":\"https:\\\/\\\/www.xn--zgr-meydan-dcb8e.com\\\/#\\\/schema\\\/person\\\/38e43bd12d45bc50f43455b037132cd0\"},\"headline\":\"Termonolojik &#8221;gazel&#8221;ne kadar realitedir?\",\"datePublished\":\"2017-02-08T23:57:34+00:00\",\"dateModified\":\"2023-06-16T19:22:56+00:00\",\"mainEntityOfPage\":{\"@id\":\"https:\\\/\\\/www.xn--zgr-meydan-dcb8e.com\\\/?p=139\"},\"wordCount\":2087,\"image\":{\"@id\":\"https:\\\/\\\/www.xn--zgr-meydan-dcb8e.com\\\/?p=139#primaryimage\"},\"thumbnailUrl\":\"http:\\\/\\\/www.xn--zgr-meydan-dcb8e.com\\\/wp-content\\\/uploads\\\/2017\\\/02\\\/termolojik_gazel.png\",\"articleSection\":[\"GENEL\"],\"inLanguage\":\"tr\"},{\"@type\":\"WebPage\",\"@id\":\"https:\\\/\\\/www.xn--zgr-meydan-dcb8e.com\\\/?p=139\",\"url\":\"https:\\\/\\\/www.xn--zgr-meydan-dcb8e.com\\\/?p=139\",\"name\":\"Termonolojik ''gazel''ne kadar realitedir? - \u00d6zg\u00fcr-Meydan\",\"isPartOf\":{\"@id\":\"https:\\\/\\\/www.xn--zgr-meydan-dcb8e.com\\\/#website\"},\"primaryImageOfPage\":{\"@id\":\"https:\\\/\\\/www.xn--zgr-meydan-dcb8e.com\\\/?p=139#primaryimage\"},\"image\":{\"@id\":\"https:\\\/\\\/www.xn--zgr-meydan-dcb8e.com\\\/?p=139#primaryimage\"},\"thumbnailUrl\":\"http:\\\/\\\/www.xn--zgr-meydan-dcb8e.com\\\/wp-content\\\/uploads\\\/2017\\\/02\\\/termolojik_gazel.png\",\"datePublished\":\"2017-02-08T23:57:34+00:00\",\"dateModified\":\"2023-06-16T19:22:56+00:00\",\"author\":{\"@id\":\"https:\\\/\\\/www.xn--zgr-meydan-dcb8e.com\\\/#\\\/schema\\\/person\\\/38e43bd12d45bc50f43455b037132cd0\"},\"breadcrumb\":{\"@id\":\"https:\\\/\\\/www.xn--zgr-meydan-dcb8e.com\\\/?p=139#breadcrumb\"},\"inLanguage\":\"tr\",\"potentialAction\":[{\"@type\":\"ReadAction\",\"target\":[\"https:\\\/\\\/www.xn--zgr-meydan-dcb8e.com\\\/?p=139\"]}]},{\"@type\":\"ImageObject\",\"inLanguage\":\"tr\",\"@id\":\"https:\\\/\\\/www.xn--zgr-meydan-dcb8e.com\\\/?p=139#primaryimage\",\"url\":\"https:\\\/\\\/www.\u00f6zg\u00fcr-meydan.com\\\/wp-content\\\/uploads\\\/2017\\\/02\\\/termolojik_gazel.png\",\"contentUrl\":\"https:\\\/\\\/www.\u00f6zg\u00fcr-meydan.com\\\/wp-content\\\/uploads\\\/2017\\\/02\\\/termolojik_gazel.png\",\"width\":700,\"height\":250},{\"@type\":\"BreadcrumbList\",\"@id\":\"https:\\\/\\\/www.xn--zgr-meydan-dcb8e.com\\\/?p=139#breadcrumb\",\"itemListElement\":[{\"@type\":\"ListItem\",\"position\":1,\"name\":\"Anasayfa\",\"item\":\"https:\\\/\\\/www.xn--zgr-meydan-dcb8e.com\\\/\"},{\"@type\":\"ListItem\",\"position\":2,\"name\":\"Termonolojik &#8221;gazel&#8221;ne kadar realitedir?\"}]},{\"@type\":\"WebSite\",\"@id\":\"https:\\\/\\\/www.xn--zgr-meydan-dcb8e.com\\\/#website\",\"url\":\"https:\\\/\\\/www.xn--zgr-meydan-dcb8e.com\\\/\",\"name\":\"\u00d6zg\u00fcr-Meydan\",\"description\":\"Ba\u011f\u0131ms\u0131z, siyasi, \u00f6zg\u00fcr-yay\u0131n\",\"potentialAction\":[{\"@type\":\"SearchAction\",\"target\":{\"@type\":\"EntryPoint\",\"urlTemplate\":\"https:\\\/\\\/www.xn--zgr-meydan-dcb8e.com\\\/?s={search_term_string}\"},\"query-input\":{\"@type\":\"PropertyValueSpecification\",\"valueRequired\":true,\"valueName\":\"search_term_string\"}}],\"inLanguage\":\"tr\"},{\"@type\":\"Person\",\"@id\":\"https:\\\/\\\/www.xn--zgr-meydan-dcb8e.com\\\/#\\\/schema\\\/person\\\/38e43bd12d45bc50f43455b037132cd0\",\"name\":\"Ali Galip Sayilgan\",\"sameAs\":[\"http:\\\/\\\/www.\u00f6zg\u00fcr-meydan.com\\\/\"],\"url\":\"https:\\\/\\\/www.xn--zgr-meydan-dcb8e.com\\\/?author=1\"}]}<\/script>\n<!-- \/ Yoast SEO plugin. -->","yoast_head_json":{"title":"Termonolojik ''gazel''ne kadar realitedir? - \u00d6zg\u00fcr-Meydan","robots":{"index":"index","follow":"follow","max-snippet":"max-snippet:-1","max-image-preview":"max-image-preview:large","max-video-preview":"max-video-preview:-1"},"canonical":"https:\/\/www.xn--zgr-meydan-dcb8e.com\/?p=139","og_locale":"tr_TR","og_type":"article","og_title":"Termonolojik ''gazel''ne kadar realitedir? - \u00d6zg\u00fcr-Meydan","og_description":"K\u0131l pay\u0131\u00a0\u2018Tro\u00e7kist\u2019(!)\u00a0olmaktan y\u0131rtt\u0131k m\u0131 ne?http:\/\/fraksiyon.org\/sosyalistlerin-hdp-disinda-ne-isi-var\/\u00a0 \u00a0linkinde yer alan \u00a0(Sosyalistlerin HDP D\u0131\u015f\u0131nda Ne \u0130\u015fi Var?)\u00a0\u00a0\u00a0ba\u015fl\u0131kl\u0131 bir yaz\u0131ya dair&#8230;Yazar\u0131m\u0131z hem soru soruyor hem de kendisi yan\u0131tl\u0131yor, arkas\u0131ndan \u00a0niyetini de ekliyor:\u2018\u2018Bu, 20. y\u00fczy\u0131lda bir\u00e7ok devrim deneyiminde say\u0131s\u0131z kereler sorulmu\u015f ve pratikte yan\u0131tlanm\u0131\u015f bir","og_url":"https:\/\/www.xn--zgr-meydan-dcb8e.com\/?p=139","og_site_name":"\u00d6zg\u00fcr-Meydan","article_published_time":"2017-02-08T23:57:34+00:00","article_modified_time":"2023-06-16T19:22:56+00:00","og_image":[{"width":700,"height":250,"url":"https:\/\/www.\u00f6zg\u00fcr-meydan.com\/wp-content\/uploads\/2017\/02\/termolojik_gazel.png","type":"image\/png"}],"author":"Ali Galip Sayilgan","twitter_card":"summary_large_image","twitter_misc":{"Yazan:":"Ali Galip Sayilgan","Tahmini okuma s\u00fcresi":"10 dakika"},"schema":{"@context":"https:\/\/schema.org","@graph":[{"@type":"Article","@id":"https:\/\/www.xn--zgr-meydan-dcb8e.com\/?p=139#article","isPartOf":{"@id":"https:\/\/www.xn--zgr-meydan-dcb8e.com\/?p=139"},"author":{"name":"Ali Galip Sayilgan","@id":"https:\/\/www.xn--zgr-meydan-dcb8e.com\/#\/schema\/person\/38e43bd12d45bc50f43455b037132cd0"},"headline":"Termonolojik &#8221;gazel&#8221;ne kadar realitedir?","datePublished":"2017-02-08T23:57:34+00:00","dateModified":"2023-06-16T19:22:56+00:00","mainEntityOfPage":{"@id":"https:\/\/www.xn--zgr-meydan-dcb8e.com\/?p=139"},"wordCount":2087,"image":{"@id":"https:\/\/www.xn--zgr-meydan-dcb8e.com\/?p=139#primaryimage"},"thumbnailUrl":"http:\/\/www.xn--zgr-meydan-dcb8e.com\/wp-content\/uploads\/2017\/02\/termolojik_gazel.png","articleSection":["GENEL"],"inLanguage":"tr"},{"@type":"WebPage","@id":"https:\/\/www.xn--zgr-meydan-dcb8e.com\/?p=139","url":"https:\/\/www.xn--zgr-meydan-dcb8e.com\/?p=139","name":"Termonolojik ''gazel''ne kadar realitedir? - \u00d6zg\u00fcr-Meydan","isPartOf":{"@id":"https:\/\/www.xn--zgr-meydan-dcb8e.com\/#website"},"primaryImageOfPage":{"@id":"https:\/\/www.xn--zgr-meydan-dcb8e.com\/?p=139#primaryimage"},"image":{"@id":"https:\/\/www.xn--zgr-meydan-dcb8e.com\/?p=139#primaryimage"},"thumbnailUrl":"http:\/\/www.xn--zgr-meydan-dcb8e.com\/wp-content\/uploads\/2017\/02\/termolojik_gazel.png","datePublished":"2017-02-08T23:57:34+00:00","dateModified":"2023-06-16T19:22:56+00:00","author":{"@id":"https:\/\/www.xn--zgr-meydan-dcb8e.com\/#\/schema\/person\/38e43bd12d45bc50f43455b037132cd0"},"breadcrumb":{"@id":"https:\/\/www.xn--zgr-meydan-dcb8e.com\/?p=139#breadcrumb"},"inLanguage":"tr","potentialAction":[{"@type":"ReadAction","target":["https:\/\/www.xn--zgr-meydan-dcb8e.com\/?p=139"]}]},{"@type":"ImageObject","inLanguage":"tr","@id":"https:\/\/www.xn--zgr-meydan-dcb8e.com\/?p=139#primaryimage","url":"https:\/\/www.\u00f6zg\u00fcr-meydan.com\/wp-content\/uploads\/2017\/02\/termolojik_gazel.png","contentUrl":"https:\/\/www.\u00f6zg\u00fcr-meydan.com\/wp-content\/uploads\/2017\/02\/termolojik_gazel.png","width":700,"height":250},{"@type":"BreadcrumbList","@id":"https:\/\/www.xn--zgr-meydan-dcb8e.com\/?p=139#breadcrumb","itemListElement":[{"@type":"ListItem","position":1,"name":"Anasayfa","item":"https:\/\/www.xn--zgr-meydan-dcb8e.com\/"},{"@type":"ListItem","position":2,"name":"Termonolojik &#8221;gazel&#8221;ne kadar realitedir?"}]},{"@type":"WebSite","@id":"https:\/\/www.xn--zgr-meydan-dcb8e.com\/#website","url":"https:\/\/www.xn--zgr-meydan-dcb8e.com\/","name":"\u00d6zg\u00fcr-Meydan","description":"Ba\u011f\u0131ms\u0131z, siyasi, \u00f6zg\u00fcr-yay\u0131n","potentialAction":[{"@type":"SearchAction","target":{"@type":"EntryPoint","urlTemplate":"https:\/\/www.xn--zgr-meydan-dcb8e.com\/?s={search_term_string}"},"query-input":{"@type":"PropertyValueSpecification","valueRequired":true,"valueName":"search_term_string"}}],"inLanguage":"tr"},{"@type":"Person","@id":"https:\/\/www.xn--zgr-meydan-dcb8e.com\/#\/schema\/person\/38e43bd12d45bc50f43455b037132cd0","name":"Ali Galip Sayilgan","sameAs":["http:\/\/www.\u00f6zg\u00fcr-meydan.com\/"],"url":"https:\/\/www.xn--zgr-meydan-dcb8e.com\/?author=1"}]}},"_links":{"self":[{"href":"https:\/\/www.xn--zgr-meydan-dcb8e.com\/index.php?rest_route=\/wp\/v2\/posts\/139","targetHints":{"allow":["GET"]}}],"collection":[{"href":"https:\/\/www.xn--zgr-meydan-dcb8e.com\/index.php?rest_route=\/wp\/v2\/posts"}],"about":[{"href":"https:\/\/www.xn--zgr-meydan-dcb8e.com\/index.php?rest_route=\/wp\/v2\/types\/post"}],"author":[{"embeddable":true,"href":"https:\/\/www.xn--zgr-meydan-dcb8e.com\/index.php?rest_route=\/wp\/v2\/users\/1"}],"replies":[{"embeddable":true,"href":"https:\/\/www.xn--zgr-meydan-dcb8e.com\/index.php?rest_route=%2Fwp%2Fv2%2Fcomments&post=139"}],"version-history":[{"count":12,"href":"https:\/\/www.xn--zgr-meydan-dcb8e.com\/index.php?rest_route=\/wp\/v2\/posts\/139\/revisions"}],"predecessor-version":[{"id":1415,"href":"https:\/\/www.xn--zgr-meydan-dcb8e.com\/index.php?rest_route=\/wp\/v2\/posts\/139\/revisions\/1415"}],"wp:attachment":[{"href":"https:\/\/www.xn--zgr-meydan-dcb8e.com\/index.php?rest_route=%2Fwp%2Fv2%2Fmedia&parent=139"}],"wp:term":[{"taxonomy":"category","embeddable":true,"href":"https:\/\/www.xn--zgr-meydan-dcb8e.com\/index.php?rest_route=%2Fwp%2Fv2%2Fcategories&post=139"},{"taxonomy":"post_tag","embeddable":true,"href":"https:\/\/www.xn--zgr-meydan-dcb8e.com\/index.php?rest_route=%2Fwp%2Fv2%2Ftags&post=139"}],"curies":[{"name":"wp","href":"https:\/\/api.w.org\/{rel}","templated":true}]}}