{"id":279,"date":"2017-03-25T02:37:41","date_gmt":"2017-03-24T23:37:41","guid":{"rendered":"http:\/\/www.xn--zgr-meydan-dcb8e.com\/?p=279"},"modified":"2023-06-16T21:54:36","modified_gmt":"2023-06-16T18:54:36","slug":"klasiklesmis-bir-tayyip-erdogan-yemi-ve-hollanda","status":"publish","type":"post","link":"https:\/\/www.xn--zgr-meydan-dcb8e.com\/?p=279","title":{"rendered":"Klasikle\u015fmi\u015f  bir Tayyip Erdo\u011fan yemi ve Hollanda!"},"content":{"rendered":"<p><a href=\"http:\/\/www.xn--zgr-meydan-dcb8e.com\/?p=279\"><img fetchpriority=\"high\" decoding=\"async\" class=\"alignleft size-full wp-image-475\" src=\"http:\/\/www.xn--zgr-meydan-dcb8e.com\/wp-content\/uploads\/2017\/03\/akp_yemi_hollanda.png\" alt=\"\" width=\"700\" height=\"250\" srcset=\"https:\/\/www.\u00f6zg\u00fcr-meydan.com\/wp-content\/uploads\/2017\/03\/akp_yemi_hollanda.png 700w, https:\/\/www.\u00f6zg\u00fcr-meydan.com\/wp-content\/uploads\/2017\/03\/akp_yemi_hollanda-300x107.png 300w\" sizes=\"(max-width: 700px) 100vw, 700px\" \/><\/a><span style=\"color: #000000;\">Bu yaz\u0131m\u0131 AKP\u2019nin Hollanda \u00e7\u0131karmas\u0131n\u0131 (referandum oyu u\u011fruna) kurgulay\u0131p ajanslara d\u00fc\u015ft\u00fc\u011f\u00fc saatlerde kaleme alm\u0131\u015f olsamda bir t\u00fcrl\u00fc yay\u0131nlamaya f\u0131rsat\u0131m olmad\u0131. Kar\u015f\u0131l\u0131kl\u0131 at\u0131\u015fmalar\u0131n tansiyonun d\u00fc\u015ft\u00fc\u011f\u00fc azda olsa duruldu\u011fu bu g\u00fcnlerde se\u00e7menleri taraf\u0131ndan kurgunun \u00e7ak\u0131lmamas\u0131 u\u011fruna zaman zaman sata\u015fmalar s\u00fcr\u00fcyor. O g\u00fcn kaleme ald\u0131\u011f\u0131m yaz\u0131ma \u015f\u00f6yle ba\u015flam\u0131\u015f\u0131m.<\/span><\/p>\n<p><span style=\"color: #000000;\">&#8212;&#8211;^^^&#8212;&#8212;<\/span><\/p>\n<p><span style=\"color: #000000;\"><u>&#8216;<strong>&#8216;Eyyy&#8221;<\/strong><\/u> le\u015fen bir Tayyip Erdo\u011fan \u00fclkesi, Cumhuriyet tarihimizin diplomaside dilinde belkide en orijinalidir.\u00a0<\/span><\/p>\n<p><span style=\"color: #000000;\">&#8216;Eyyy Amerika!\u2019,<\/span><\/p>\n<p><span style=\"color: #000000;\">&#8216;Eyyy Almanya!&#8217;\u00a0 lara al\u0131\u015fm\u0131\u015ft\u0131k ki \u015fimdi de buna &#8216;<strong><em>Eyyy Hollanda!&#8217;\u00a0<\/em><\/strong>ekleniverdi.<\/span><\/p>\n<p><span style=\"color: #000000;\">&#8216;Eyyy Hollanda!&#8217;\u00a0Komik bir hitap tarz\u0131 &#8216;Eyyy&#8217;\u00a0ile ba\u015flan Tayip\u00e7e Kas\u0131mpa\u015fa Jargonu c\u00fcmlesi\u2026<\/span><\/p>\n<p><span style=\"color: #000000;\">San\u0131rsam uluslararas\u0131\u00a0diplomasiyi Kas\u0131mpa\u015fa varo\u015fu san\u0131yor.<\/span><\/p>\n<p><span style=\"color: #000000;\">Siyaset\u00e7ilik\u00a0tarihinde &#8216;Eyyyleyen&#8217;, &#8216;Eyle\u015fen&#8217;\u00a0 g\u00f6ndermeleri, i\u00e7eri\u011fine alan c\u00fcmle mimarl\u0131\u011f\u0131n\u0131n temelleri Kas\u0131mpa\u015fa varo\u015f k\u00fclt\u00fcr\u00fcnden\u00a0soyutlamaya kalkmak ger\u00e7ekli\u011fin rasyonel \u00a0\u00f6zelli\u011fini \u0131skalamaktan ba\u015fka bir \u015fey olamaz.<\/span><\/p>\n<p><span style=\"color: #000000;\">\u00d6zg\u00fcn i\u00e7eri\u011fin nesnel yap\u0131s\u0131 malumumuz olan\u00a0 jargondan soyut olmasa da klasik bir Tayyip Erdo\u011fan \u2018yemi\u2019 oldu\u011funu sa\u011f\u0131r sultan duymu\u015f bilmi\u015f vaziyette.<\/span><\/p>\n<p><span style=\"color: #000000;\">Yutmamal\u0131yd\u0131n\u0131z ama yuttunuz, \u2018Eyy Hollanda!\u2019<\/span><\/p>\n<p><span style=\"color: #000000;\">\u015eimdi iyimi oldu?<\/span><\/p>\n<p><span style=\"color: #000000;\">Elbette bunu ya\u015fay\u0131p g\u00f6rece\u011fiz.<\/span><\/p>\n<p><span style=\"color: #000000;\">Bu yemi \u00f6nce Avusturya\u2019ya att\u0131 Avusturya ge\u00e7i\u015ftirdi, sonra Almanya\u2019ya att\u0131, at\u0131lan yemi Almanya\u2019da pek kale almad\u0131 pabu\u00e7 pahal\u0131ya patlayaca\u011f\u0131 i\u00e7in Tayyip Erdo\u011fan Almanya\u2019n\u0131n \u00fcst\u00fcnde durmad\u0131.\u00a0<\/span><\/p>\n<p><span style=\"color: #000000;\">Almanya \u00fczerinden \u00fclkenize g\u00f6nderilen provokasyonun mimari olan aile bakan\u0131 nezdinde maalesef bu yemi yuttunuz.<\/span><\/p>\n<p><span style=\"color: #000000;\">Bu s\u00fcrt\u00fc\u015fmeyi Tayyip Erdo\u011fan \u00fclke i\u00e7indeki ezici bir \u00e7o\u011funlukla geli\u015fen hay\u0131r oylar\u0131n\u0131, evet oylar\u0131na d\u00f6n\u00fc\u015ft\u00fcrmek i\u00e7in ekstra \u00e7\u0131kard\u0131\u011f\u0131 herkes\u00e7e bilinmektedir. \u00a0<\/span><\/p>\n<p><span style=\"color: #000000;\">Hollanda ile kar\u015f\u0131l\u0131kl\u0131 sert a\u00e7\u0131klamalar duruldu\u011fu \u015fu g\u00fcnlerde, Tayyip Erdo\u011fan bu kez yeniden Almanya\u2019ya y\u00f6neldi.<\/span><\/p>\n<p><span style=\"color: #000000;\">Almanya\u2019n\u0131n da yine ayn\u0131 Hollanda gibi ne Nazili\u011fi kald\u0131 nede fa\u015fistli\u011fi.<\/span><\/p>\n<p><span style=\"color: #000000;\">Koku\u015fmu\u015f siyasetini bilen herkes \u015funda hem fikir; ma\u011fdur edebiyat\u0131 yarataca\u011f\u0131n\u0131, ma\u011fduriyet takti\u011fiyle oy toplayaca\u011f\u0131n\u0131 \u00e7ok iyi bildi\u011fi i\u00e7in, yurt i\u00e7inde \u00f6zellikle muhataplar\u0131 bu tezg\u00e2ha gelmemek i\u00e7in \u00e7ok dikkat ediyordu.<\/span><\/p>\n<p><span style=\"color: #000000;\">Ama siz bunun fark\u0131na varamad\u0131\u011f\u0131n\u0131z i\u00e7in Nazi su\u00e7lamas\u0131na \u00e7ok sert tepki g\u00f6sterdiniz ve ba\u015flad\u0131 arkas\u0131ndan ma\u011fduriyet edebiyat\u0131!<\/span><\/p>\n<p><span style=\"color: #000000;\"><strong>Bu konuya ili\u015fkin<\/strong><strong> New York Times International <\/strong>&#8216;da bir yaz\u0131 yay\u0131mland\u0131 yaz\u0131n\u0131n ba\u015fl\u0131\u011f\u0131 <\/span><strong><span style=\"color: #000000;\">&#8220;<\/span><a href=\"https:\/\/www.nytimes.com\/2017\/03\/08\/opinion\/mr-erdogans-jaw-dropping-hypocrisy.html?_r=0\"><span style=\"color: #000000;\">Mr. Erdo\u011fan&#8217;\u0131n ikiy\u00fczl\u00fcl\u00fc\u011f\u00fc.<\/span><\/a><span style=\"color: #000000;\">&#8221; <\/span><em><span style=\"font-size: 10px;\"><span style=\"color: #ff0000;\"><sup>(*)<\/sup><\/span><\/span><\/em><\/strong><\/p>\n<p><span style=\"color: #000000;\">K\u0131sa bir yaz\u0131 s\u00f6yledikleri ise olduk\u00e7a \u00e7arp\u0131c\u0131.<\/span><\/p>\n<p><span style=\"color: #000000;\"><strong><em>\u2018Erdo\u011fan kendi \u00fclkesinde a\u011fz\u0131n\u0131 a\u00e7\u0131p konu\u015facak adam b\u0131rakm\u0131yor; gazetecileri, yazarlar\u0131, ayd\u0131nlar\u0131 ve siyaset adamlar\u0131n\u0131 hapishanelere dolduruyor, ayr\u0131ca referandumda &#8220;hay\u0131r&#8221; propagandas\u0131n\u0131 \u015fiddetli bir \u015fekilde \u00f6nl\u00fcyor ve bast\u0131r\u0131yor; sonra kendi yapaca\u011f\u0131 propagandaya izin vermeyenlerin &#8220;Nazi&#8221; oldu\u011funu s\u00f6yl\u00fcyor.\u2019<\/em><\/strong><\/span><\/p>\n<p><span style=\"color: #000000;\">Nazizm ruhunu benimseyen birinin, Nazizm ruhuyla hareket Erdo\u011fan\u2019\u0131n Hollanda\u2019y\u0131 \u00a0Nazilikle su\u00e7lamas\u0131 manidard\u0131r.<\/span><\/p>\n<p><span style=\"color: #000000;\">Gazeteciler, yazarlar, akademisyenlerin yan\u0131 s\u0131ra on binlerce ki\u015finin hapishaneye t\u0131k\u0131ld\u0131\u011f\u0131, 150\u2019den fazla medya \u015firketinin kapat\u0131ld\u0131\u011f\u0131 rekor \u00fclke konumundad\u0131r.<\/span><\/p>\n<p><span style=\"color: #000000;\">Avrupal\u0131lar i\u00e7in Tayyip Erdo\u011fan\u2019\u0131n bu a\u00e7\u0131klamalar\u0131 korkun\u00e7 bir \u015faka gibi. Erdo\u011fan&#8217;\u0131n h\u00fck\u00fcmeti kimseye insan haklar\u0131 ve demokrasi dersi verecek konumda de\u011fil.<\/span><\/p>\n<p><span style=\"color: #000000;\">\u00dclkede \u00e7o\u011fu uyduruk kan\u0131tlarla olmak \u00fczere aralar\u0131nda yarg\u0131\u00e7lar, savc\u0131lar, K\u00fcrt siyaset\u00e7iler ve 100&#8217;den fazla gazetecinin de bulundu\u011fu 40 binden fazla ki\u015fi hapsedildi.<\/span><\/p>\n<p><span style=\"color: #000000;\">&#8220;K\u0131sa s\u00fcre \u00f6nce yay\u0131nlanan bir BM raporu \u00fclkenin g\u00fcneydo\u011fusundaki K\u00fcrt b\u00f6lgesindeki ayr\u0131l\u0131k\u00e7\u0131 militanlara kar\u015f\u0131 y\u00fcr\u00fct\u00fclen taarruzda T\u00fcrk g\u00fcvenlik g\u00fc\u00e7lerini i\u015fkence, yarg\u0131s\u0131z infaz ve orant\u0131s\u0131z g\u00fc\u00e7 kullanmakla\u2019\u2019 su\u00e7land\u0131.<\/span><\/p>\n<p><strong><span style=\"color: #000000;\">OTOKRAS\u0130N\u0130N KULLANMA KILAVUZU\u00a0YEN\u0130 ANAYASA\u00a0 <\/span><\/strong><\/p>\n<p><span style=\"color: #000000;\">Erdo\u011fan\u2019\u0131n T\u00fcrkiye\u2019sinde art\u0131k protesto g\u00f6sterileri \u015fiddetle bast\u0131r\u0131lm\u0131yor, \u00e7\u00fcnk\u00fc muhalifler eylem yapmaktan korkar hale gelmi\u015f durumdad\u0131r. Daha \u00f6nce ya\u015fanan protesto mitinglerinde bombalarla toplu katliamlara kurban giderek hayat\u0131n\u0131 kaybeden onlarca insan s\u00f6z konusudur.<\/span><\/p>\n<p><span style=\"color: #000000;\">Hukukun \u00fcst\u00fcnl\u00fc\u011f\u00fc <strong><u>\u2018Erdo\u011fan\u2019\u0131n \u00e7\u0131karlar\u0131n\u0131n \u00fcst\u00fcnl\u00fc\u011f\u00fcne tabidir\u2019 <\/u><\/strong>ilkesi kurumla\u015ft\u0131r\u0131lm\u0131\u015f durumdad\u0131r.<\/span><\/p>\n<p><span style=\"color: #000000;\">En basit demokratik hak aray\u0131\u015flar\u0131nda despotik bir \u015fekilde bast\u0131rmak, hak aray\u0131\u015f\u0131nda bulunanlara k\u00f6t\u00fc muamele ve i\u015fkence yap\u0131lmas\u0131 ola\u011fan ve s\u0131radanla\u015fm\u0131\u015f konumdad\u0131r.<\/span><\/p>\n<p><span style=\"color: #000000;\">Bu denli despotik davran\u0131\u015f\u0131 yeterli g\u00f6rmeyen Erdo\u011fan daha \u00e7ok fa\u015fizm yetkisini elinde bulundurmak i\u00e7in, fa\u015fizmin krall\u0131\u011f\u0131 diye tan\u0131mlayabilece\u011fimiz ba\u015fkanl\u0131k sistemi uygulamas\u0131 i\u00e7in referandumda evet oyu \u00e7\u0131kmas\u0131n\u0131 istiyor. Hay\u0131rc\u0131lar\u0131 ter\u00f6rist su\u00e7lamas\u0131yla ne yapmak istedi\u011fini \u015fimdiden belirlemi\u015f oldu. Amac\u0131na hizmet eden her t\u00fcrl\u00fc propaganday\u0131 ahlaki a\u00e7\u0131dan mubah g\u00f6ren a\u011f\u0131zlar\u0131 a\u00e7\u0131k b\u0131rak\u0131rcas\u0131na ikiy\u00fczl\u00fc bir yol izlemede kendilerinde bir sak\u0131nca g\u00f6rmemektedirler.<\/span><\/p>\n<p><span style=\"color: #000000;\">15 y\u0131ll\u0131k iktidarlar\u0131nda h\u0131rs\u0131zl\u0131klar\u0131 tapelere yans\u0131m\u0131\u015f durumdad\u0131r, iktidar\u0131 s\u00fcresince elde etmi\u015f oldu\u011fu Erdo\u011fan\u2019\u0131n sermayesi, d\u00fcnyan\u0131n say\u0131l\u0131 zenginlerini dahi duda\u011f\u0131n\u0131 u\u00e7uklatacak \u015feklindedir.<\/span><\/p>\n<p><span style=\"color: #000000;\">G\u00fcn\u00fcm\u00fcz T\u00fcrkiye\u2019sinde \u00f6zg\u00fcrl\u00fckler Erdo\u011fan\u2019\u0131n bir \u00e7ift duda\u011f\u0131ndan \u00e7\u0131kacak s\u00f6zc\u00fcklerle tart\u0131l\u0131rken Nazizm konusunda yavuz h\u0131rs\u0131z ev sahibini bast\u0131r\u0131rm\u0131\u015f misali gibi Erdo\u011fan ger\u00e7ekleri ters y\u00fcz ederek kendi ekol\u00fcnde yine ikiy\u00fczl\u00fc bir \u2018tarih\u2019 (!) yaz\u0131yor.<\/span><\/p>\n<p><span style=\"color: #000000;\">\u0130kiy\u00fczl\u00fc bir \u2018tarih\u2019 (!) yaz\u0131l\u0131m\u0131nda \u00fclkenin ekonomik geli\u015fiminin aleyhine pragmatik politikalar\u0131 uygulamada asla \u00e7ekinmeyen Erdo\u011fan, kendi egosundan kaynaklanan ki\u015fisel \u00e7\u0131karlar\u0131n\u0131 \u00fclkenin \u00e7\u0131karlar\u0131ndan \u00fcst\u00fcn tutmaktad\u0131r. Buna en \u00e7arp\u0131c\u0131 \u00f6rnek Hollanda ile ya\u015fanan krizin kendisidir.<\/span><\/p>\n<p><span style=\"color: #000000;\">S\u00f6ylediklerimizin do\u011frulu\u011fu bu tabloda g\u00f6r\u00fcl\u00fcyor. Hollanda\u2019n\u0131n \u00fclkemize ekonomik getirisi ne yaz\u0131k ki birinci s\u0131radad\u0131r.<\/span><\/p>\n<p><img decoding=\"async\" class=\"alignright size-full wp-image-533\" src=\"http:\/\/www.xn--zgr-meydan-dcb8e.com\/wp-content\/uploads\/2017\/03\/hollanda_yatirim-436x272.jpg\" alt=\"\" width=\"436\" height=\"272\" srcset=\"https:\/\/www.\u00f6zg\u00fcr-meydan.com\/wp-content\/uploads\/2017\/03\/hollanda_yatirim-436x272.jpg 436w, https:\/\/www.\u00f6zg\u00fcr-meydan.com\/wp-content\/uploads\/2017\/03\/hollanda_yatirim-436x272-300x187.jpg 300w\" sizes=\"(max-width: 436px) 100vw, 436px\" \/><\/p>\n<p><span style=\"color: #000000;\">Kendi \u00e7\u0131kar\u0131na uygun kendi gelece\u011fini \u00fclkenin \u00e7\u0131kar\u0131na pe\u015fke\u015f \u00e7eken, kendini a\u011f\u0131rlatmak i\u00e7in kendine saray yapt\u0131ran bir megaloman\u0131n T\u00fcrkiye\u2019nin ba\u015f\u0131na musallat olan bir \u00e7e\u015fit p\u00fcsk\u00fcll\u00fc bela \u015feklindedir. Halk\u0131n dini duygular\u0131n\u0131 istismar eden egosu i\u00e7in dini kullanan tehlikeli bir ki\u015filiktir Erdo\u011fan.<\/span><\/p>\n<p><span style=\"color: #000000;\">Ger\u00e7e\u011fin bire bir kendisi olan tahlilimizden palya\u00e7o komikli\u011finden tiraj\u0131 komikli\u011fe d\u00f6n\u00fc\u015fen siyaset arenas\u0131na yeniden d\u00f6necek olursak; T\u00fcrkiye Hollanda\u2019ya yapt\u0131r\u0131m uyguluyor, Hollanda ba\u015fbakan\u0131 ise \u2018T\u00fcrkiye\u2019nin yapt\u0131r\u0131mlar\u0131 hi\u00e7te k\u00f6t\u00fc de\u011fil\u2019 \u015feklinde dalga ge\u00e7iyor.<\/span><\/p>\n<p><span style=\"color: #000000;\">Ger\u00e7ekli\u011fin kendisi olan ekonomik ba\u011f\u0131ml\u0131l\u0131\u011f\u0131n realitesi yukar\u0131daki tablo dan soyut olmay\u0131nca komik davran\u0131\u015flar\u0131yla haliyle dalga ge\u00e7ilmesi ka\u00e7\u0131n\u0131lmaz olur.<\/span><\/p>\n<p><span style=\"color: #000000;\">T\u00fcrkiye\u2019yi \u00f6nce hurma cumhuriyetine \u00e7eviren referandumdan sonra hurma despotizmine d\u00f6n\u00fc\u015ft\u00fcrerek ge\u00e7i\u015f yapan talihsiz yap\u0131 ta\u015flar\u0131 ad\u0131m ad\u0131m gericilikle \u00f6rg\u00fctleniyor. Camiler Cumhuriyet d\u00fc\u015fmanlar\u0131n\u0131n faaliyet g\u00f6sterdi\u011fi h\u00fccre evleri gibi \u00e7al\u0131\u015f\u0131yor. B\u00fct\u00fcn gericilik Tayyip Erdo\u011fan deste\u011fiyle Cumhuriyetin cenaze t\u00f6renine haz\u0131rlan\u0131yor.<\/span><\/p>\n<p><span style=\"color: #000000;\">Siyasal \u0130slamc\u0131l\u0131\u011f\u0131n di\u011fer bir ikiy\u00fczl\u00fcl\u00fc\u011f\u00fc de darbe giri\u015fimidir. \u00a0<\/span><\/p>\n<p><span style=\"color: #000000;\">Daha \u00f6nce yazm\u0131\u015ft\u0131m ba\u015fkanl\u0131k sistemi ve evet oylar\u0131 i\u00e7in darbe giri\u015fimi kontrgerilla \u00f6rg\u00fctlenmesidir. Bu senaryo MIT ile birlikte \u00f6rg\u00fctlenmi\u015ftir.<\/span><\/p>\n<p><span style=\"color: #000000;\">Geli\u015fmelerin t\u00fcm\u00fc Cumhuriyet rejiminin k\u0131l\u0131nmas\u0131 gereken cenaze namaz\u0131 konusunda \u00f6rg\u00fctlenen stratejini bir nevi taktikti\u011finden ba\u015fka bir \u015fey de\u011fildir.<\/span><\/p>\n<p><span style=\"color: #000000;\"><strong>BU B\u0130R \u0130K\u0130Y\u00dcZL\u00dcL\u00dcKT\u00dcR<\/strong><\/span><\/p>\n<p><span style=\"color: #000000;\">25.Ocak.2008 y\u0131l\u0131nda bizzat Erdo\u011fan taraf\u0131ndan imzalanm\u0131\u015f olan \u00e7\u0131karm\u0131\u015f olduklar\u0131 yasaya g\u00f6re Avrupa \u00fclkelerinin AKP&#8217;li bakanlara referanduma y\u00f6nelik propagandaya izin vermemesi, Almanya ve Hollanda&#8217;yla ortaya \u00e7\u0131kan krize y\u00f6nelik tart\u0131\u015fma s\u00fcrerken, yurt d\u0131\u015f\u0131nda se\u00e7im propagandas\u0131 yap\u0131lamayaca\u011f\u0131na dair d\u00fczenlemeyi AKP yasala\u015ft\u0131rm\u0131\u015ft\u0131. Bu konuda TBMM&#8217;ye sunulan yasa tasar\u0131s\u0131n\u0131n alt\u0131nda da bizzat d\u00f6nemin Ba\u015fbakan\u0131 Recep Tayyip Erdo\u011fan&#8217;\u0131n imzas\u0131 bulunuyor.<\/span><\/p>\n<p><span style=\"color: #000000;\"><strong>&#8216;Yasak&#8217; karar\u0131n\u0131 AKP&#8217;liler alm\u0131\u015ft\u0131&#8230; \u0130\u015fte Recep Tayyip Erdo\u011fan&#8217;\u0131n 2008 y\u0131l\u0131nda att\u0131\u011f\u0131 imza <\/strong><\/span><em><span style=\"font-size: 10px;\"><span style=\"color: #ff0000;\"><strong><sup>(**)<\/sup><\/strong><\/span><\/span><\/em><\/p>\n<p><img decoding=\"async\" class=\"alignright wp-image-530 size-medium\" src=\"http:\/\/www.xn--zgr-meydan-dcb8e.com\/wp-content\/uploads\/2017\/03\/kanun-maddesi-280x300.jpg\" alt=\"\" width=\"280\" height=\"300\" srcset=\"https:\/\/www.\u00f6zg\u00fcr-meydan.com\/wp-content\/uploads\/2017\/03\/kanun-maddesi-280x300.jpg 280w, https:\/\/www.\u00f6zg\u00fcr-meydan.com\/wp-content\/uploads\/2017\/03\/kanun-maddesi.jpg 600w\" sizes=\"(max-width: 280px) 100vw, 280px\" \/><\/p>\n<p><span style=\"color: #000000;\">Hollanda\u2019n\u0131n yapmas\u0131 gereken bir \u015fey varsa oda uluslararas\u0131 adalet divan\u0131na ba\u015f vurup ucuz ceng\u00e2verlikle provokasyon yapmak isteyen Erdo\u011fan\u2019\u0131n acilen yarg\u0131lanmas\u0131n\u0131 istemek en uygun olan\u0131d\u0131r. Bizzat kendisi taraf\u0131ndan imzalad\u0131\u011f\u0131 yasalar\u0131na ra\u011fmen Hollanda\u2019y\u0131 ve di\u011fer Avrupa \u00fclkelerini tahrik eden bir ruh halinin ho\u015f g\u00f6r\u00fcl\u00fcp ge\u00e7i\u015ftirilip ge\u00e7i\u015ftirilmemesi merak konusudur. Kald\u0131 ki, kendi ki\u015fisel \u00e7\u0131karlar\u0131n\u0131n ba\u015far\u0131 kazanmas\u0131 yolunda politika yapt\u0131\u011f\u0131n\u0131 sanan Erdo\u011fan bindi\u011fi dal\u0131 kesti\u011fini g\u00f6rmesine kar\u015f\u0131n \u00fclkenin \u00e7\u0131karlar\u0131ndan daha \u00e7ok kendi \u00e7\u0131karlar\u0131n\u0131 d\u00fc\u015f\u00fcnd\u00fc\u011f\u00fc bir ger\u00e7eklikle y\u00fcz y\u00fczeyiz.<\/span><\/p>\n<p><span style=\"color: #000000;\">Erdo\u011fan\u2019\u0131n ki\u015fisel \u00e7\u0131karlar\u0131 u\u011fruna Avrupa Birli\u011fi ile ili\u015fkileri koparsa ne olur?<\/span><\/p>\n<p><span style=\"color: #000000;\">T\u00fcrkiye\u2019nin en b\u00fcy\u00fck ticari partneri 28 \u00fclkeli Avrupa Birli\u011fi (AB) ile ipler geriliyor. Hollanda ve Almanya ile ya\u015fanan siyasi kriz zaten uzun s\u00fcredir k\u00f6t\u00fc olan T\u00fcrkiye AB ili\u015fkilerini tamamen rafa kald\u0131rabilir.<\/span><\/p>\n<p><span style=\"color: #000000;\">28 \u00fclkeli AB ekonomisi T\u00fcrkiye\u2019nin en b\u00fcy\u00fck ticaret orta\u011f\u0131. Uzmanlar, T\u00fcrkiye\u2019nin ekonomik, sosyal, siyasi geli\u015fimi ve gelece\u011finin AB s\u00fcrecine ba\u011fl\u0131 oldu\u011fu g\u00f6r\u00fc\u015f\u00fcnde.<\/span><\/p>\n<p><span style=\"color: #000000;\">AB ile ili\u015fkilerin tamamen durmas\u0131 T\u00fcrkiye\u2019nin ekonomisinin de iflas\u0131 anlam\u0131na geliyor. B\u00fcy\u00fcme d\u00fc\u015fecek, yat\u0131r\u0131mlar azalacak, turist gelmeyecek, i\u015fsizlik artacak. Yine AB-T\u00fcrkiye ili\u015fkilerindeki durma, T\u00fcrkiye\u2019nin d\u0131\u015f bor\u00e7 y\u00fck\u00fcn\u00fc daha da art\u0131racak. AB\u2019nin T\u00fcrkiye ekonomisi i\u00e7in ne kadar \u00f6nemli oldu\u011funa bakmakta fayda var.<\/span><\/p>\n<p><span style=\"color: #000000;\"><strong>\u0130hracat\u0131n yar\u0131s\u0131 <\/strong><\/span><span style=\"font-size: 10px;\"><em><span style=\"color: #ff0000;\"><strong><sup>(***)<\/sup><\/strong><\/span><\/em><\/span><\/p>\n<p><span style=\"color: #000000;\"><strong>1<\/strong>\u00a0T\u00fcrkiye ihracat\u0131n\u0131n y\u00fczde 47\u2019sini ithalat\u0131n\u0131n y\u00fczde 40\u2019\u0131n\u0131 bu \u00fclkelerden yap\u0131yor. T\u00fcrkiye\u2019ye gelen yabanc\u0131 ziyaret\u00e7ilerin yar\u0131s\u0131 yine bu \u00fclkelerden geliyor. T\u00fcrkiye ve AB aras\u0131nda b\u00fcy\u00fck bir ivme kazanan ticaret hacmi 2016\u2019da 146 milyar dolar olmu\u015ftu.<\/span><\/p>\n<p><span style=\"color: #000000;\"><strong>2<\/strong>\u00a0T\u00fcrkiye AB\u2019nin toplam ihracat\u0131ndan ald\u0131\u011f\u0131 y\u00fczde 4.4 pay ile 5. s\u0131rada bulunuyor. AB, 2016\u2019da 68 milyar dolar ile T\u00fcrkiye\u2019nin ihracat\u0131nda en \u00fcst s\u0131rada yer al\u0131yor. Yine T\u00fcrkiye\u2019ye gelen do\u011frudan yat\u0131r\u0131mlar\u0131n y\u00fczde 80\u2019e yak\u0131n\u0131 AB \u00fclkelerinden geliyor.<\/span><\/p>\n<p><span style=\"color: #000000;\"><strong>Ana yat\u0131r\u0131mc\u0131 Avrupa<\/strong><\/span><\/p>\n<p><span style=\"color: #000000;\"><strong>3<\/strong>\u00a0T\u00fcrkiye AB\u2019nin toplam ithalat\u0131nda ise y\u00fczde 3.9\u2019luk payla ihracat gibi 5. s\u0131rada geliyor ki burada AB \u00fclkelerinin kendi aralar\u0131nda yapt\u0131\u011f\u0131 ticaret hari\u00e7 tutuluyor. Ayr\u0131ca AB T\u00fcrkiye\u2019nin ihracat\u0131nda oldu\u011fu gibi ithalat\u0131nda da ilk s\u0131rada yer al\u0131yor. 2016 rakamlar\u0131na g\u00f6re; T\u00fcrkiye 198 milyar dolarl\u0131k toplam mal ithalat\u0131n\u0131n 77.6 milyar dolarl\u0131k k\u0131sm\u0131n\u0131 (y\u00fczde 39\u2019luk pay) AB\u2019den ger\u00e7ekle\u015ftirdi.<\/span><\/p>\n<p><span style=\"color: #000000;\"><strong>4<\/strong>\u00a02016\u2019da T\u00fcrkiye\u2019nin AB ile olan ticaretinde ihracat\u0131n ithalat\u0131 kar\u015f\u0131lama oran\u0131 y\u00fczde 88 seviyesinde ger\u00e7ekle\u015fti.<\/span><\/p>\n<p><span style=\"color: #000000;\"><strong>5<\/strong>\u00a0Sadece ihracat de\u011fil do\u011frudan yat\u0131r\u0131m a\u00e7\u0131s\u0131ndan da AB\u2019nin T\u00fcrkiye ekonomisinde \u00f6nemli bir a\u011f\u0131rl\u0131\u011f\u0131 bulunuyor. 30 Haziran itibar\u0131yla Ekonomi Bakanl\u0131\u011f\u0131\u2019na veri setine kay\u0131tl\u0131 yakla\u015f\u0131k 50 bin yabanc\u0131 \u015firketin 23 bini AB merkezli. T\u00fcrkiye Cumhuriyet Merkez Bankas\u0131\u2019n\u0131n verilerine g\u00f6re 2016 May\u0131s ay\u0131 itibar\u0131yla bu \u015firketler T\u00fcrkiye\u2019deki do\u011frudan yat\u0131r\u0131mlar\u0131n y\u00fczde 64\u2019\u00fcn\u00fc ger\u00e7ekle\u015ftirdi. 2002-2016 May\u0131s tarihleri aras\u0131ndaki do\u011frudan yat\u0131r\u0131mlar\u0131n b\u00fcy\u00fckl\u00fc\u011f\u00fc dikkate al\u0131nd\u0131\u011f\u0131nda ise AB\u2019nin T\u00fcrkiye\u2019ye yap\u0131lan yat\u0131r\u0131mlardaki a\u011f\u0131rl\u0131\u011f\u0131n\u0131n y\u00fczde 92 oldu\u011fu ortaya \u00e7\u0131k\u0131yor.<\/span><\/p>\n<p><span style=\"color: #000000;\"><strong>Turist say\u0131s\u0131 d\u00fc\u015ft\u00fc<\/strong><\/span><\/p>\n<p><span style=\"color: #000000;\"><strong>6<\/strong>\u00a0T\u00fcrkiye\u2019nin genel turizm sekt\u00f6r\u00fcnde son iki y\u0131lda ya\u015fad\u0131\u011f\u0131 k\u00f6t\u00fcle\u015fmeye paralel olarak AB\u2019den gelen yabanc\u0131 ziyaret\u00e7i say\u0131s\u0131nda da dramatik bir d\u00fc\u015f\u00fc\u015f g\u00f6zlendi. Yabanc\u0131 ziyaret\u00e7i say\u0131s\u0131ndaki 2015\u2019te y\u00fczde 10 ve 2016\u2019da y\u00fczde 30\u2019luk d\u00fc\u015f\u00fc\u015fleri de ekledi\u011fimizde T\u00fcrkiye ekonomisi i\u00e7in \u00e7ok \u00f6nemli olan turizm gelirlerinde AB\u2019nin yerini ve \u00f6nemini daha iyi anlayabiliriz.<\/span><\/p>\n<p><span style=\"color: #000000;\"><strong>Art\u0131k yeter<\/strong><\/span><\/p>\n<p><span style=\"color: #000000;\">\u0130sminin a\u00e7\u0131klanmas\u0131n\u0131 istemeyen baz\u0131 AB uzmanlar\u0131na g\u00f6re Avrupa art\u0131k yeter noktas\u0131na geldi. Tarihin hi\u00e7bir d\u00f6neminde uluslararas\u0131 ili\u015fkilerde \u2018Nazi\u2019 ve benzeri hakaret say\u0131labilecek ifadelerin kullan\u0131lmad\u0131\u011f\u0131na i\u015faret eden uzmanlar\u0131n g\u00f6r\u00fc\u015fleri \u015f\u00f6yle:<\/span><\/p>\n<p><span style=\"color: #000000;\">* T\u00fcrkiye\u2019de AB ile olan ili\u015fkileri s\u00fcrekli baltalayan bir yakla\u015f\u0131m var. AB\u2019den kurtulay\u0131m, idam\u0131 getireyim, y\u00f6netim sistemini de\u011fi\u015ftireyim, ekonomiyi \u00e7\u00f6kerteyim diye. Bu durum \u00fclkeyi tamamen i\u00e7ine kapat\u0131yor.<\/span><\/p>\n<p><span style=\"color: #000000;\">* AB s\u00fcreci tam da T\u00fcrkiye\u2019nin lehine d\u00f6nm\u00fc\u015fken yeni fas\u0131llar a\u00e7\u0131lm\u0131\u015fken bu s\u00fcrece girilmesi, T\u00fcrkiye\u2019ye kaybettirecek.<\/span><\/p>\n<p><img loading=\"lazy\" decoding=\"async\" class=\"wp-image-531 alignright\" src=\"http:\/\/www.xn--zgr-meydan-dcb8e.com\/wp-content\/uploads\/2017\/03\/ihracat_ab.jpg\" alt=\"\" width=\"423\" height=\"550\" srcset=\"https:\/\/www.\u00f6zg\u00fcr-meydan.com\/wp-content\/uploads\/2017\/03\/ihracat_ab.jpg 507w, https:\/\/www.\u00f6zg\u00fcr-meydan.com\/wp-content\/uploads\/2017\/03\/ihracat_ab-230x300.jpg 230w\" sizes=\"(max-width: 423px) 100vw, 423px\" \/><strong style=\"color: #000000;\">T\u00fcrkiye kaybeder<\/strong><\/p>\n<p><span style=\"color: #000000;\">Uzmanlara g\u00f6re AB\u2019den T\u00fcrkiye\u2019ye yat\u0131r\u0131m duracak.<\/span><\/p>\n<p><span style=\"color: #000000;\"><strong>Yat\u0131r\u0131mlar rafa kalkt\u0131&#8230;<\/strong><\/span><\/p>\n<p><span style=\"color: #000000;\">Bah\u00e7e\u015fehir \u00dcniversitesi \u00d6\u011fretim \u00dcyesi Prof. Dr. Seyfettin G\u00fcrsel: \u00d6zellikle do\u011frudan yat\u0131r\u0131mlar a\u00e7\u0131s\u0131ndan Avrupa Birli\u011fi\u2019nin T\u00fcrkiye i\u00e7in olduk\u00e7a \u00f6nemli oldu\u011funu s\u00f6yledi. G\u00fcrsel\u2019in konu\u015fmas\u0131n\u0131n sat\u0131rba\u015flar\u0131 \u015f\u00f6yle:<\/span><\/p>\n<p><span style=\"color: #000000;\">* G\u00fcvensizlik ve belirsizlik nedeniyle Avrupa\u2019dan T\u00fcrkiye\u2019ye gelen yat\u0131r\u0131mlar ask\u0131ya al\u0131nm\u0131\u015ft\u0131. \u015eimdi b\u00f6yle bir ortamda yat\u0131r\u0131m kararlar\u0131 tamamen rafa kalkacakt\u0131r.<\/span><\/p>\n<p><span style=\"color: #000000;\">* Art\u0131k gelmeye niyeti olan turist de ya\u015fananlardan sonra gelmeyecektir.<\/span><\/p>\n<p><span style=\"color: #000000;\">* T\u00fcrkiye\u2019nin AB \u00fcyelik s\u00fcrecini art\u0131k kimse ciddiye almaz.<\/span><\/p>\n<p><span style=\"color: #000000;\">* AB, T\u00fcrkiye ekonomisi a\u00e7\u0131s\u0131ndan \u00e7ok \u00f6nemli bir \u00e7\u0131pa. \u0130li\u015fkilerin onar\u0131lmas\u0131 uzun zaman alacakt\u0131r. Belki de hi\u00e7bir zaman onar\u0131lmayacakt\u0131r. Sputnik\u2019e a\u00e7\u0131klama yapan Y\u0131ld\u0131r\u0131m Beyaz\u0131t \u00dcniversitesi \u00f6\u011fretim \u00fcyesi Prof. Dr. Muhittin Ataman\u2019a g\u00f6re ise T\u00fcrkiye, Avrupa \u00fclkeleri ile ciddi bir kar\u015f\u0131l\u0131kl\u0131 ba\u011f\u0131ml\u0131l\u0131k ili\u015fkisi i\u00e7inde ve bunu kestirip atmak m\u00fcmk\u00fcn de\u011fil.<\/span><\/p>\n<p><span style=\"color: #000000;\"><strong>G\u00f6\u00e7menlerin i\u015fi zor<\/strong><\/span><\/p>\n<p><span style=\"color: #000000;\">T\u00fcrkiye Avrupa E\u011fitim ve Bilimsel Ara\u015ft\u0131rmalar Vakf\u0131 Ba\u015fkan\u0131 Prof. Dr. Faruk \u015een\u2019e g\u00f6re ya\u015fanan gerilimin kaybedeni T\u00fcrkiye olacak. \u015een ilk a\u015famada T\u00fcrkiye\u2019nin kay\u0131plar\u0131n\u0131 \u015f\u00f6yle s\u0131ralad\u0131:<\/span><\/p>\n<p><span style=\"color: #000000;\">* T\u00fcrkiye\u2019nin AB\u2019ye giri\u015f s\u00fcrecinde 2014- 2020 d\u00f6neminde T\u00fcrkiye\u2019ye sa\u011flanacak yakla\u015f\u0131k 4.5 milyar Avro\u2019nun 167 milyon Avro\u2019su \u00f6dendi. Geri kalan \u00f6demeler donduruldu. Geri d\u00f6n\u00fc\u015f i\u00e7in 6 milyar Avro\u2019nun sacede 552 milyon Avro\u2019su \u00f6dendi geri kalan\u0131 dondurulacak.<\/span><\/p>\n<p><span style=\"color: #000000;\">* AB\u2019nin 7 y\u0131ll\u0131k yapt\u0131\u011f\u0131 b\u00fct\u00e7elerde (2020-2026) muhtemelen T\u00fcrkiye yer almayacak. T\u00fcrkiye\u2019nin 2023\u2019te AB\u2019ye tam \u00fcye olaca\u011f\u0131m hedefi vard\u0131. Bu ger\u00e7ekle\u015fmeyecek.<\/span><\/p>\n<p><span style=\"color: #000000;\">* Hollanda T\u00fcrkiye\u2019nin d\u0131\u015f ticaret fazlas\u0131 verdi\u011fi \u00fclkelerden baz\u0131 \u00fcr\u00fcnlerin ithalat\u0131nda T\u00fcrkiye\u2019ye \u00f6ncelik veriyordu, muhtemelen bunlar\u0131 sonland\u0131racak.<\/span><\/p>\n<p><span style=\"color: #000000;\">* AB ile ili\u015fkiler durursa, bu \u00fclkelerde ya\u015fayan 5 milyon 600 bin T\u00fcrkiyeli g\u00f6\u00e7menin i\u015fi zorla\u015facak. <\/span><a href=\"http:\/\/www.cumhuriyet.com.tr\/haber\/dunya\/698857\/AB_ile_ipler_koparsa_ekonomik_felaket_olur.html\"><span style=\"color: #000000;\">(KAYNAK)<\/span><\/a><\/p>\n<p><span style=\"color: #000000;\">Bu uzun al\u0131nt\u0131da i\u015flenen ger\u00e7eklik T\u00fcrkiye\u2019nin \u00e7ok ciddi olaylarla \u00e7alkanaca\u011f\u0131n\u0131 \u00e7ok istedikleri i\u00e7 sava\u015f\u0131 ka\u00e7\u0131n\u0131lmaz k\u0131laca\u011f\u0131n\u0131 ortaya \u00e7\u0131karmaktad\u0131r.<\/span><\/p>\n<p><span style=\"color: #000000;\">Toplumsal muhalefet do\u011fru temellerde \u00f6rg\u00fctlenip kanalize edildi\u011finde devrim olgusu belkide kendi tarihinde ilk defa s\u0131cak bir halkay\u0131 yakalam\u0131\u015f olacakt\u0131r. \u00d6nemli olan yoksul kitlelerin taleplerini program\u0131na alan a\u015f i\u015f h\u00fcrriyet \u00f6zg\u00fcl\u00fcnde do\u011fru bir \u00f6nderli\u011fin ses getirebilece\u011fi de ayr\u0131 bir ger\u00e7ekliktir.<\/span><\/p>\n<p><span style=\"color: #000000;\">\u00a0Ali Galip Say\u0131lgan<\/span><\/p>\n<p><u><strong><span style=\"color: #000000;\">Kaynaklar:<\/span><\/strong><\/u><\/p>\n<p><span style=\"color: #ff0000;\"><strong><sup>(*) \u00a0<\/sup><\/strong><\/span><a href=\"https:\/\/www.nytimes.com\/2017\/03\/08\/opinion\/mr-erdogans-jaw-dropping-hypocrisy.html?_r=0\">https:\/\/www.nytimes.com\/2017\/03\/08\/opinion\/mr-erdogans-jaw-dropping-hypocrisy.html?_r=0<\/a><\/p>\n<p><span style=\"color: #ff0000;\"><strong><sup>(**)\u00a0<\/sup><\/strong><\/span><a href=\"http:\/\/www.cumhuriyet.com.tr\/haber\/siyaset\/698111\/_Yasak__kararini_AKP_liler_almisti..._iste_Recep_Tayyip_Erdogan_in_2008_yilinda_attigi_imza.html\">http:\/\/www.cumhuriyet.com.tr\/haber\/siyaset\/698111\/_Yasak__kararini_AKP_liler_almisti&#8230;_iste_Recep_Tayyip_Erdogan_in_2008_yilinda_attigi_imza.html<\/a><\/p>\n<p><sup><span style=\"color: #ff0000;\"><strong>(***)\u00a0<\/strong><\/span><\/sup><a href=\"http:\/\/www.cumhuriyet.com.tr\/haber\/dunya\/698857\/AB_ile_ipler_koparsa_ekonomik_felaket_olur.html\">http:\/\/www.cumhuriyet.com.tr\/haber\/dunya\/698857\/AB_ile_ipler_koparsa_ekonomik_felaket_olur.html<\/a><\/p>\n","protected":false},"excerpt":{"rendered":"<p>Bu yaz\u0131m\u0131 AKP\u2019nin Hollanda \u00e7\u0131karmas\u0131n\u0131 (referandum oyu u\u011fruna) kurgulay\u0131p ajanslara d\u00fc\u015ft\u00fc\u011f\u00fc saatlerde kaleme alm\u0131\u015f olsamda bir t\u00fcrl\u00fc yay\u0131nlamaya f\u0131rsat\u0131m olmad\u0131. Kar\u015f\u0131l\u0131kl\u0131 at\u0131\u015fmalar\u0131n tansiyonun d\u00fc\u015ft\u00fc\u011f\u00fc azda olsa duruldu\u011fu bu g\u00fcnlerde se\u00e7menleri taraf\u0131ndan kurgunun \u00e7ak\u0131lmamas\u0131 u\u011fruna zaman zaman sata\u015fmalar s\u00fcr\u00fcyor. O g\u00fcn<\/p>\n","protected":false},"author":1,"featured_media":0,"comment_status":"closed","ping_status":"open","sticky":false,"template":"","format":"image","meta":{"footnotes":""},"categories":[1],"tags":[],"class_list":["post-279","post","type-post","status-publish","format-image","hentry","category-genel","post_format-post-format-image"],"yoast_head":"<!-- This site is optimized with the Yoast SEO plugin v27.4 - https:\/\/yoast.com\/product\/yoast-seo-wordpress\/ -->\n<title>Klasikle\u015fmi\u015f bir Tayyip Erdo\u011fan yemi ve Hollanda! - \u00d6zg\u00fcr-Meydan<\/title>\n<meta name=\"robots\" content=\"index, follow, max-snippet:-1, max-image-preview:large, max-video-preview:-1\" \/>\n<link rel=\"canonical\" href=\"https:\/\/www.xn--zgr-meydan-dcb8e.com\/?p=279\" \/>\n<meta property=\"og:locale\" content=\"tr_TR\" \/>\n<meta property=\"og:type\" content=\"article\" \/>\n<meta property=\"og:title\" content=\"Klasikle\u015fmi\u015f bir Tayyip Erdo\u011fan yemi ve Hollanda! - \u00d6zg\u00fcr-Meydan\" \/>\n<meta property=\"og:description\" content=\"Bu yaz\u0131m\u0131 AKP\u2019nin Hollanda \u00e7\u0131karmas\u0131n\u0131 (referandum oyu u\u011fruna) kurgulay\u0131p ajanslara d\u00fc\u015ft\u00fc\u011f\u00fc saatlerde kaleme alm\u0131\u015f olsamda bir t\u00fcrl\u00fc yay\u0131nlamaya f\u0131rsat\u0131m olmad\u0131. Kar\u015f\u0131l\u0131kl\u0131 at\u0131\u015fmalar\u0131n tansiyonun d\u00fc\u015ft\u00fc\u011f\u00fc azda olsa duruldu\u011fu bu g\u00fcnlerde se\u00e7menleri taraf\u0131ndan kurgunun \u00e7ak\u0131lmamas\u0131 u\u011fruna zaman zaman sata\u015fmalar s\u00fcr\u00fcyor. O g\u00fcn\" \/>\n<meta property=\"og:url\" content=\"https:\/\/www.xn--zgr-meydan-dcb8e.com\/?p=279\" \/>\n<meta property=\"og:site_name\" content=\"\u00d6zg\u00fcr-Meydan\" \/>\n<meta property=\"article:published_time\" content=\"2017-03-24T23:37:41+00:00\" \/>\n<meta property=\"article:modified_time\" content=\"2023-06-16T18:54:36+00:00\" \/>\n<meta property=\"og:image\" content=\"https:\/\/www.\u00f6zg\u00fcr-meydan.com\/wp-content\/uploads\/2017\/03\/akp_yemi_hollanda.png\" \/>\n\t<meta property=\"og:image:width\" content=\"700\" \/>\n\t<meta property=\"og:image:height\" content=\"250\" \/>\n\t<meta property=\"og:image:type\" content=\"image\/png\" \/>\n<meta name=\"author\" content=\"Ali Galip Sayilgan\" \/>\n<meta name=\"twitter:card\" content=\"summary_large_image\" \/>\n<meta name=\"twitter:label1\" content=\"Yazan:\" \/>\n\t<meta name=\"twitter:data1\" content=\"Ali Galip Sayilgan\" \/>\n\t<meta name=\"twitter:label2\" content=\"Tahmini okuma s\u00fcresi\" \/>\n\t<meta name=\"twitter:data2\" content=\"13 dakika\" \/>\n<script type=\"application\/ld+json\" class=\"yoast-schema-graph\">{\"@context\":\"https:\\\/\\\/schema.org\",\"@graph\":[{\"@type\":\"Article\",\"@id\":\"https:\\\/\\\/www.xn--zgr-meydan-dcb8e.com\\\/?p=279#article\",\"isPartOf\":{\"@id\":\"https:\\\/\\\/www.xn--zgr-meydan-dcb8e.com\\\/?p=279\"},\"author\":{\"name\":\"Ali Galip Sayilgan\",\"@id\":\"https:\\\/\\\/www.xn--zgr-meydan-dcb8e.com\\\/#\\\/schema\\\/person\\\/38e43bd12d45bc50f43455b037132cd0\"},\"headline\":\"Klasikle\u015fmi\u015f bir Tayyip Erdo\u011fan yemi ve Hollanda!\",\"datePublished\":\"2017-03-24T23:37:41+00:00\",\"dateModified\":\"2023-06-16T18:54:36+00:00\",\"mainEntityOfPage\":{\"@id\":\"https:\\\/\\\/www.xn--zgr-meydan-dcb8e.com\\\/?p=279\"},\"wordCount\":2662,\"image\":{\"@id\":\"https:\\\/\\\/www.xn--zgr-meydan-dcb8e.com\\\/?p=279#primaryimage\"},\"thumbnailUrl\":\"http:\\\/\\\/www.xn--zgr-meydan-dcb8e.com\\\/wp-content\\\/uploads\\\/2017\\\/03\\\/akp_yemi_hollanda.png\",\"articleSection\":[\"GENEL\"],\"inLanguage\":\"tr\"},{\"@type\":\"WebPage\",\"@id\":\"https:\\\/\\\/www.xn--zgr-meydan-dcb8e.com\\\/?p=279\",\"url\":\"https:\\\/\\\/www.xn--zgr-meydan-dcb8e.com\\\/?p=279\",\"name\":\"Klasikle\u015fmi\u015f bir Tayyip Erdo\u011fan yemi ve Hollanda! - \u00d6zg\u00fcr-Meydan\",\"isPartOf\":{\"@id\":\"https:\\\/\\\/www.xn--zgr-meydan-dcb8e.com\\\/#website\"},\"primaryImageOfPage\":{\"@id\":\"https:\\\/\\\/www.xn--zgr-meydan-dcb8e.com\\\/?p=279#primaryimage\"},\"image\":{\"@id\":\"https:\\\/\\\/www.xn--zgr-meydan-dcb8e.com\\\/?p=279#primaryimage\"},\"thumbnailUrl\":\"http:\\\/\\\/www.xn--zgr-meydan-dcb8e.com\\\/wp-content\\\/uploads\\\/2017\\\/03\\\/akp_yemi_hollanda.png\",\"datePublished\":\"2017-03-24T23:37:41+00:00\",\"dateModified\":\"2023-06-16T18:54:36+00:00\",\"author\":{\"@id\":\"https:\\\/\\\/www.xn--zgr-meydan-dcb8e.com\\\/#\\\/schema\\\/person\\\/38e43bd12d45bc50f43455b037132cd0\"},\"breadcrumb\":{\"@id\":\"https:\\\/\\\/www.xn--zgr-meydan-dcb8e.com\\\/?p=279#breadcrumb\"},\"inLanguage\":\"tr\",\"potentialAction\":[{\"@type\":\"ReadAction\",\"target\":[\"https:\\\/\\\/www.xn--zgr-meydan-dcb8e.com\\\/?p=279\"]}]},{\"@type\":\"ImageObject\",\"inLanguage\":\"tr\",\"@id\":\"https:\\\/\\\/www.xn--zgr-meydan-dcb8e.com\\\/?p=279#primaryimage\",\"url\":\"https:\\\/\\\/www.\u00f6zg\u00fcr-meydan.com\\\/wp-content\\\/uploads\\\/2017\\\/03\\\/akp_yemi_hollanda.png\",\"contentUrl\":\"https:\\\/\\\/www.\u00f6zg\u00fcr-meydan.com\\\/wp-content\\\/uploads\\\/2017\\\/03\\\/akp_yemi_hollanda.png\",\"width\":700,\"height\":250},{\"@type\":\"BreadcrumbList\",\"@id\":\"https:\\\/\\\/www.xn--zgr-meydan-dcb8e.com\\\/?p=279#breadcrumb\",\"itemListElement\":[{\"@type\":\"ListItem\",\"position\":1,\"name\":\"Anasayfa\",\"item\":\"https:\\\/\\\/www.xn--zgr-meydan-dcb8e.com\\\/\"},{\"@type\":\"ListItem\",\"position\":2,\"name\":\"Klasikle\u015fmi\u015f bir Tayyip Erdo\u011fan yemi ve Hollanda!\"}]},{\"@type\":\"WebSite\",\"@id\":\"https:\\\/\\\/www.xn--zgr-meydan-dcb8e.com\\\/#website\",\"url\":\"https:\\\/\\\/www.xn--zgr-meydan-dcb8e.com\\\/\",\"name\":\"\u00d6zg\u00fcr-Meydan\",\"description\":\"Ba\u011f\u0131ms\u0131z, siyasi, \u00f6zg\u00fcr-yay\u0131n\",\"potentialAction\":[{\"@type\":\"SearchAction\",\"target\":{\"@type\":\"EntryPoint\",\"urlTemplate\":\"https:\\\/\\\/www.xn--zgr-meydan-dcb8e.com\\\/?s={search_term_string}\"},\"query-input\":{\"@type\":\"PropertyValueSpecification\",\"valueRequired\":true,\"valueName\":\"search_term_string\"}}],\"inLanguage\":\"tr\"},{\"@type\":\"Person\",\"@id\":\"https:\\\/\\\/www.xn--zgr-meydan-dcb8e.com\\\/#\\\/schema\\\/person\\\/38e43bd12d45bc50f43455b037132cd0\",\"name\":\"Ali Galip Sayilgan\",\"sameAs\":[\"http:\\\/\\\/www.\u00f6zg\u00fcr-meydan.com\\\/\"],\"url\":\"https:\\\/\\\/www.xn--zgr-meydan-dcb8e.com\\\/?author=1\"}]}<\/script>\n<!-- \/ Yoast SEO plugin. -->","yoast_head_json":{"title":"Klasikle\u015fmi\u015f bir Tayyip Erdo\u011fan yemi ve Hollanda! - \u00d6zg\u00fcr-Meydan","robots":{"index":"index","follow":"follow","max-snippet":"max-snippet:-1","max-image-preview":"max-image-preview:large","max-video-preview":"max-video-preview:-1"},"canonical":"https:\/\/www.xn--zgr-meydan-dcb8e.com\/?p=279","og_locale":"tr_TR","og_type":"article","og_title":"Klasikle\u015fmi\u015f bir Tayyip Erdo\u011fan yemi ve Hollanda! - \u00d6zg\u00fcr-Meydan","og_description":"Bu yaz\u0131m\u0131 AKP\u2019nin Hollanda \u00e7\u0131karmas\u0131n\u0131 (referandum oyu u\u011fruna) kurgulay\u0131p ajanslara d\u00fc\u015ft\u00fc\u011f\u00fc saatlerde kaleme alm\u0131\u015f olsamda bir t\u00fcrl\u00fc yay\u0131nlamaya f\u0131rsat\u0131m olmad\u0131. Kar\u015f\u0131l\u0131kl\u0131 at\u0131\u015fmalar\u0131n tansiyonun d\u00fc\u015ft\u00fc\u011f\u00fc azda olsa duruldu\u011fu bu g\u00fcnlerde se\u00e7menleri taraf\u0131ndan kurgunun \u00e7ak\u0131lmamas\u0131 u\u011fruna zaman zaman sata\u015fmalar s\u00fcr\u00fcyor. O g\u00fcn","og_url":"https:\/\/www.xn--zgr-meydan-dcb8e.com\/?p=279","og_site_name":"\u00d6zg\u00fcr-Meydan","article_published_time":"2017-03-24T23:37:41+00:00","article_modified_time":"2023-06-16T18:54:36+00:00","og_image":[{"width":700,"height":250,"url":"https:\/\/www.\u00f6zg\u00fcr-meydan.com\/wp-content\/uploads\/2017\/03\/akp_yemi_hollanda.png","type":"image\/png"}],"author":"Ali Galip Sayilgan","twitter_card":"summary_large_image","twitter_misc":{"Yazan:":"Ali Galip Sayilgan","Tahmini okuma s\u00fcresi":"13 dakika"},"schema":{"@context":"https:\/\/schema.org","@graph":[{"@type":"Article","@id":"https:\/\/www.xn--zgr-meydan-dcb8e.com\/?p=279#article","isPartOf":{"@id":"https:\/\/www.xn--zgr-meydan-dcb8e.com\/?p=279"},"author":{"name":"Ali Galip Sayilgan","@id":"https:\/\/www.xn--zgr-meydan-dcb8e.com\/#\/schema\/person\/38e43bd12d45bc50f43455b037132cd0"},"headline":"Klasikle\u015fmi\u015f bir Tayyip Erdo\u011fan yemi ve Hollanda!","datePublished":"2017-03-24T23:37:41+00:00","dateModified":"2023-06-16T18:54:36+00:00","mainEntityOfPage":{"@id":"https:\/\/www.xn--zgr-meydan-dcb8e.com\/?p=279"},"wordCount":2662,"image":{"@id":"https:\/\/www.xn--zgr-meydan-dcb8e.com\/?p=279#primaryimage"},"thumbnailUrl":"http:\/\/www.xn--zgr-meydan-dcb8e.com\/wp-content\/uploads\/2017\/03\/akp_yemi_hollanda.png","articleSection":["GENEL"],"inLanguage":"tr"},{"@type":"WebPage","@id":"https:\/\/www.xn--zgr-meydan-dcb8e.com\/?p=279","url":"https:\/\/www.xn--zgr-meydan-dcb8e.com\/?p=279","name":"Klasikle\u015fmi\u015f bir Tayyip Erdo\u011fan yemi ve Hollanda! - \u00d6zg\u00fcr-Meydan","isPartOf":{"@id":"https:\/\/www.xn--zgr-meydan-dcb8e.com\/#website"},"primaryImageOfPage":{"@id":"https:\/\/www.xn--zgr-meydan-dcb8e.com\/?p=279#primaryimage"},"image":{"@id":"https:\/\/www.xn--zgr-meydan-dcb8e.com\/?p=279#primaryimage"},"thumbnailUrl":"http:\/\/www.xn--zgr-meydan-dcb8e.com\/wp-content\/uploads\/2017\/03\/akp_yemi_hollanda.png","datePublished":"2017-03-24T23:37:41+00:00","dateModified":"2023-06-16T18:54:36+00:00","author":{"@id":"https:\/\/www.xn--zgr-meydan-dcb8e.com\/#\/schema\/person\/38e43bd12d45bc50f43455b037132cd0"},"breadcrumb":{"@id":"https:\/\/www.xn--zgr-meydan-dcb8e.com\/?p=279#breadcrumb"},"inLanguage":"tr","potentialAction":[{"@type":"ReadAction","target":["https:\/\/www.xn--zgr-meydan-dcb8e.com\/?p=279"]}]},{"@type":"ImageObject","inLanguage":"tr","@id":"https:\/\/www.xn--zgr-meydan-dcb8e.com\/?p=279#primaryimage","url":"https:\/\/www.\u00f6zg\u00fcr-meydan.com\/wp-content\/uploads\/2017\/03\/akp_yemi_hollanda.png","contentUrl":"https:\/\/www.\u00f6zg\u00fcr-meydan.com\/wp-content\/uploads\/2017\/03\/akp_yemi_hollanda.png","width":700,"height":250},{"@type":"BreadcrumbList","@id":"https:\/\/www.xn--zgr-meydan-dcb8e.com\/?p=279#breadcrumb","itemListElement":[{"@type":"ListItem","position":1,"name":"Anasayfa","item":"https:\/\/www.xn--zgr-meydan-dcb8e.com\/"},{"@type":"ListItem","position":2,"name":"Klasikle\u015fmi\u015f bir Tayyip Erdo\u011fan yemi ve Hollanda!"}]},{"@type":"WebSite","@id":"https:\/\/www.xn--zgr-meydan-dcb8e.com\/#website","url":"https:\/\/www.xn--zgr-meydan-dcb8e.com\/","name":"\u00d6zg\u00fcr-Meydan","description":"Ba\u011f\u0131ms\u0131z, siyasi, \u00f6zg\u00fcr-yay\u0131n","potentialAction":[{"@type":"SearchAction","target":{"@type":"EntryPoint","urlTemplate":"https:\/\/www.xn--zgr-meydan-dcb8e.com\/?s={search_term_string}"},"query-input":{"@type":"PropertyValueSpecification","valueRequired":true,"valueName":"search_term_string"}}],"inLanguage":"tr"},{"@type":"Person","@id":"https:\/\/www.xn--zgr-meydan-dcb8e.com\/#\/schema\/person\/38e43bd12d45bc50f43455b037132cd0","name":"Ali Galip Sayilgan","sameAs":["http:\/\/www.\u00f6zg\u00fcr-meydan.com\/"],"url":"https:\/\/www.xn--zgr-meydan-dcb8e.com\/?author=1"}]}},"_links":{"self":[{"href":"https:\/\/www.xn--zgr-meydan-dcb8e.com\/index.php?rest_route=\/wp\/v2\/posts\/279","targetHints":{"allow":["GET"]}}],"collection":[{"href":"https:\/\/www.xn--zgr-meydan-dcb8e.com\/index.php?rest_route=\/wp\/v2\/posts"}],"about":[{"href":"https:\/\/www.xn--zgr-meydan-dcb8e.com\/index.php?rest_route=\/wp\/v2\/types\/post"}],"author":[{"embeddable":true,"href":"https:\/\/www.xn--zgr-meydan-dcb8e.com\/index.php?rest_route=\/wp\/v2\/users\/1"}],"replies":[{"embeddable":true,"href":"https:\/\/www.xn--zgr-meydan-dcb8e.com\/index.php?rest_route=%2Fwp%2Fv2%2Fcomments&post=279"}],"version-history":[{"count":19,"href":"https:\/\/www.xn--zgr-meydan-dcb8e.com\/index.php?rest_route=\/wp\/v2\/posts\/279\/revisions"}],"predecessor-version":[{"id":1153,"href":"https:\/\/www.xn--zgr-meydan-dcb8e.com\/index.php?rest_route=\/wp\/v2\/posts\/279\/revisions\/1153"}],"wp:attachment":[{"href":"https:\/\/www.xn--zgr-meydan-dcb8e.com\/index.php?rest_route=%2Fwp%2Fv2%2Fmedia&parent=279"}],"wp:term":[{"taxonomy":"category","embeddable":true,"href":"https:\/\/www.xn--zgr-meydan-dcb8e.com\/index.php?rest_route=%2Fwp%2Fv2%2Fcategories&post=279"},{"taxonomy":"post_tag","embeddable":true,"href":"https:\/\/www.xn--zgr-meydan-dcb8e.com\/index.php?rest_route=%2Fwp%2Fv2%2Ftags&post=279"}],"curies":[{"name":"wp","href":"https:\/\/api.w.org\/{rel}","templated":true}]}}