{"id":302,"date":"2017-03-30T19:44:11","date_gmt":"2017-03-30T16:44:11","guid":{"rendered":"http:\/\/www.xn--zgr-meydan-dcb8e.com\/?p=302"},"modified":"2017-09-06T20:06:32","modified_gmt":"2017-09-06T17:06:32","slug":"yarasadan-kadina","status":"publish","type":"post","link":"https:\/\/www.xn--zgr-meydan-dcb8e.com\/?p=302","title":{"rendered":"Yarasadan kad\u0131na&#8230;"},"content":{"rendered":"<p>\n\t<img fetchpriority=\"high\" decoding=\"async\" alt=\"\" class=\"size-full wp-image-472 alignleft\" height=\"250\" src=\"http:\/\/www.xn--zgr-meydan-dcb8e.com\/wp-content\/uploads\/2017\/03\/yarasadan_kad\u0131na.png\" style=\"\" title=\"\" width=\"700\" srcset=\"https:\/\/www.\u00f6zg\u00fcr-meydan.com\/wp-content\/uploads\/2017\/03\/yarasadan_kad\u0131na.png 700w, https:\/\/www.\u00f6zg\u00fcr-meydan.com\/wp-content\/uploads\/2017\/03\/yarasadan_kad\u0131na-300x107.png 300w\" sizes=\"(max-width: 700px) 100vw, 700px\" \/>\n<\/p>\n<p>\n\t<span style=\"color: #000000;\">\u0130nsan haklar\u0131n\u0131n olmad\u0131\u011f\u0131 bir &uuml;lke de yarasa veya (hayvan) hakk\u0131 olur mu?<\/span>\n<\/p>\n<p>\n\t<span style=\"color: #000000;\">Normalde olmas\u0131 gereken bu ama bizim standartlar\u0131m\u0131za g&ouml;re l&uuml;ks ka&ccedil;ar. Neden l&uuml;ks ka&ccedil;t\u0131\u011f\u0131n\u0131 &#39;falana (&#8230;) anlat\u0131r gibi&#39; derken&nbsp;isimini vermeyece\u011fim. Yani isim verip i\u015fin kolay\u0131na ka&ccedil;mayaca\u011f\u0131m.<\/span>\n<\/p>\n<p>\n\t<span style=\"color: #000000;\">Zikretmek istedi\u011fim&nbsp;o isim, bug&uuml;n siyaset sahnemize damgas\u0131n\u0131 vuran bir siyasinin o\u011flu oldu\u011fu i&ccedil;in ismini burada kullanmayaca\u011f\u0131m.<\/span>\n<\/p>\n<p>\n\t<span style=\"color: #000000;\">Konuyu daha fazla da\u011f\u0131tmadan konumuzun rasyonel &ouml;z&uuml;ne ge&ccedil;elim.<\/span>\n<\/p>\n<p>\n\t<span style=\"color: #000000;\">Elbette burada yarasa her ne kadarda konumuzun kahraman\u0131 olsada yarasan\u0131n nezdinde insanlar\u0131n haricinde caddelerimizde kar\u015f\u0131la\u015ft\u0131\u011f\u0131m\u0131z sahipsiz k&ouml;peklere varana kadar b&uuml;t&uuml;n hayvanlar\u0131n canl\u0131lar\u0131n hakk\u0131n\u0131 konu\u015fmak gerekir.<\/span>\n<\/p>\n<p>\n\t<span style=\"color: #000000;\">\u0130lgin&ccedil; bir &uuml;lkeyiz vesselam, yeti\u015ftirilme tarz\u0131m\u0131zdan tutunda ald\u0131\u011f\u0131m\u0131z e\u011fitime varana kadar bir&ccedil;ok konuda cahil cesaretiyle donan\u0131ml\u0131 bulunmaz birer Hint kuma\u015f\u0131y\u0131z. Hatta ipini koparan\u0131n profes&ouml;r dekan oldu\u011fu, in\u015faat i\u015f&ccedil;ilerimiz &uuml;niversite mezunlar\u0131yla dolu oldu\u011fu al\u0131nan e\u011fitimin edinilen kariyerlerin aya\u011fa d&uuml;\u015ft&uuml;\u011f&uuml; bir &uuml;lkedeyiz.<\/span>\n<\/p>\n<p>\n\t<span style=\"color: #000000;\">Neden yarasa?&nbsp;<\/span>\n<\/p>\n<p>\n\t<span style=\"color: #000000;\">\u0130lerleyen sat\u0131rlar\u0131mda yarasa konusuna elbette&nbsp;kaynak sunaca\u011f\u0131m.<\/span>\n<\/p>\n<p>\n\t<span style=\"color: #000000;\">\u015eimdilik yarasadan nereye vard\u0131k diyebilecek kadar muammalar &uuml;lkesi olunca bir dokunan\u0131n bin ah i\u015fitebilece\u011fi malzemesi bol bir &uuml;lkeyiz demekle yetinece\u011fim. <\/span>\n<\/p>\n<p>\n\t<span style=\"color: #000000;\">Hayvanlara k&ouml;t&uuml; muamele yap\u0131lan hayvan haklar\u0131n\u0131n s\u0131f\u0131r oldu\u011fu bir &uuml;lkede yarasan\u0131n nezdinde hayvan haklar\u0131n\u0131 konu\u015fmak isterdim ki akl\u0131ma muamma olmu\u015f cehalet kokan cahil insanlar\u0131 d&uuml;\u015f&uuml;n&uuml;nce karanl\u0131k bir k&ouml;r kuyuya ta\u015f atmak gibi bir \u015fey oldu\u011funu d&uuml;\u015f&uuml;nmeye ba\u015flad\u0131m.<\/span>\n<\/p>\n<p>\n\t<span style=\"color: #000000;\">Egemen erkek d&uuml;zeni gere\u011fi erkeklerin durumunu&nbsp;bir kalem ge&ccedil;iyorum. <\/span>\n<\/p>\n<p>\n\t<span style=\"color: #000000;\">D&uuml;zen i&ccedil;inde ipleri ele ge&ccedil;iren erkek daha sonra de\u011ferlendirme&nbsp; konusu oldu\u011fu i&ccedil;in &ouml;nceli\u011fi&nbsp;kad\u0131nlar\u0131n toplum i&ccedil;indeki sosyolojik&nbsp;konumunu &ouml;nemsiyorum.<\/span>\n<\/p>\n<p>\n\t<span style=\"color: #000000;\">Bana &nbsp;g&ouml;re her \u015feyin ba\u015f\u0131 kad\u0131nlar\u0131n&nbsp;olmazsa olmaz e\u011fitiminden ge&ccedil;iyor olmas\u0131d\u0131r.<\/span>\n<\/p>\n<p>\n\t<span style=\"color: #000000;\">Gelecekte sa\u011fl\u0131kl\u0131, bilin&ccedil;li, entellekt&uuml;el nesiller yeti\u015ftirmek isteniyorsa, parmakla g&ouml;sterilecek &ouml;rnek bir &uuml;lke,&nbsp;&ouml;rnek bir toplum &nbsp;isteniyorsa, her \u015feyi radikal bir \u015fekilde &nbsp;de\u011fi\u015ftirecek olan (sihirli &ccedil;ubu\u011fun kendisi) kad\u0131n\u0131n egitiminden soyut de\u011fildir.<\/span>\n<\/p>\n<p>\n\t<span style=\"color: #000000;\">Bir &uuml;lkenin kad\u0131nlar\u0131n\u0131n bilin&ccedil; donan\u0131m\u0131, k&uuml;lt&uuml;rel yap\u0131s\u0131 &uuml;st seviyede olursa b&uuml;t&uuml;n bu olumsuz sorunlar\u0131n &uuml;stesinden gelebilmenin &ouml;n ko\u015fulu olan sars\u0131lmaz temelleri at\u0131lm\u0131\u015f olur. Unutulmas\u0131n ki binalar yer &ccedil;ekimi kanuna g&ouml;re temel &uuml;st&uuml;nde y&uuml;kselir, y&uuml;kselen binay\u0131 s\u0131rt\u0131nda temeller ta\u015f\u0131r. Sa\u011flam zemin &uuml;zerine at\u0131lan temel binan\u0131n a\u011f\u0131rl\u0131\u011f\u0131n\u0131 kendi son kullanma tarihine kadar ayakta tutar. Sosyolojik a&ccedil;\u0131dan toplumlar\u0131n geli\u015fmi\u015flik derecesi sa\u011flam zemine at\u0131lan temel &ouml;rne\u011finde oldu\u011fu gibi annenin konumu e\u011fitimli olup olmas\u0131yla ilgili oldu\u011funu alt\u0131n\u0131 &ccedil;izmek gerekiyor.<\/span>\n<\/p>\n<p>\n\t<span style=\"color: #000000;\">Yarasadan hayvan haklar\u0131ndan insan haklar\u0131na varana kadar her \u015fey cehaletimizle ilgilidir. <\/span>\n<\/p>\n<p>\n\t<span style=\"color: #000000;\">Buradan kariyer sahibi olmu\u015f profes&ouml;rlerden tutunda, &uuml;niversite mezunlar\u0131na, &ouml;\u011fretim &uuml;yelerine akl\u0131n\u0131za gelen bilumum toplumsal Concession&rsquo;nu &nbsp;olu\u015fturan uzla\u015f\u0131m &ccedil;imentomuza varana kadar kendini k&uuml;lt&uuml;rel doygunlukta g&ouml;ren nev-i \u015fahs\u0131na m&uuml;nhas\u0131rlar\u0131m\u0131za varana kadar herkese asl\u0131nda s&ouml;z&uuml;m.<\/span>\n<\/p>\n<p>\n\t<span style=\"color: #000000;\">Gelelim yarasadan yola &ccedil;\u0131karak can al\u0131c\u0131 konumuz olan kad\u0131na.<\/span>\n<\/p>\n<p>\n\t<span style=\"color: #000000;\">Toplumsal zurnan\u0131n z\u0131rt dedi\u011fi delikte san\u0131r\u0131m tamda buras\u0131.<\/span>\n<\/p>\n<p>\n\t<span style=\"color: #000000;\">B&uuml;t&uuml;n sorun bu toplumda kad\u0131n e\u011fitiminin olmazsa olmaz\u0131 kadar bir yang\u0131y\u0131 &ouml;n&uuml;m&uuml;ze koydu\u011fudur.<\/span>\n<\/p>\n<p>\n\t<span style=\"color: #000000;\">Bana g&ouml;re kad\u0131nlar e\u011fitilmeden anlatmak istedi\u011fim b&uuml;t&uuml;n sorunlar\u0131n &ccedil;&ouml;z&uuml;m&uuml; hemen hemen imk&acirc;ns\u0131zd\u0131r.<\/span>\n<\/p>\n<p>\n\t<span style=\"color: #000000;\">Daha ileri gidip y&uuml;ksek m&uuml;saadelerinizle tarihsel olacak belki ama bu c&uuml;mleyi sarf etmek zorunday\u0131m. Kad\u0131nlar cahil kald\u0131\u011f\u0131 s&uuml;rece toplumun t&uuml;m&uuml;n&uuml;n cahil kalmas\u0131 ka&ccedil;\u0131n\u0131lmazd\u0131r. Bu aforizmam\u0131n alt\u0131na g&ouml;n&uuml;l rahatl\u0131\u011f\u0131mla imzam\u0131 atar\u0131m zira bunu ben s&ouml;yl&uuml;yorum bu sav bana ait.<\/span>\n<\/p>\n<p>\n\t<span style=\"color: #000000;\">\u015eunu unutmay\u0131n\u0131z ki bu konu y&uuml;zlerce sayfaya s\u0131\u011facak kadar bana g&ouml;re bir kitab\u0131n asli konusudur. Burada k\u0131sac\u0131k makalemizle kitap yazmak de\u011fil amac\u0131m\u0131z sadece veri ko\u015fullarda ger&ccedil;ekli\u011fin bir &ccedil;e\u015fit anekdotunu yapabilmektir.<\/span>\n<\/p>\n<p>\n\t<span style=\"color: #000000;\">Gelelim konumuza: bir an e\u011fitimsiz cahil bir kad\u0131n\u0131n anne oldu\u011funu d&uuml;\u015f&uuml;nelim. &Ccedil;ocu\u011fu anne do\u011furdu\u011fu gibi, &ccedil;ocu\u011fu e\u011fitip hayata haz\u0131rlayan yine annenin kendisidir. Toplumun k&uuml;lt&uuml;rel dengesinin de\u011fi\u015fimini istiyorsan\u0131z, &ouml;nce kad\u0131n\u0131n k&uuml;lt&uuml;rl&uuml; olmas\u0131n\u0131 istemeniz gerekecektir. K&uuml;lt&uuml;rl&uuml; bir kad\u0131n do\u011furdu\u011fu &ccedil;ocu\u011fu k&uuml;lt&uuml;rel zenginli\u011fe bo\u011faca\u011f\u0131n\u0131 d&uuml;\u015f&uuml;nebilirseniz gelecek i&ccedil;in nas\u0131l kayg\u0131land\u0131\u011f\u0131n\u0131z\u0131 ben \u015fimdiden g&ouml;r&uuml;r gibiyim.<\/span>\n<\/p>\n<p>\n\t<span style=\"color: #000000;\">Benzer konuyu&nbsp;<\/span><span style=\"color: #000000;\"><u><a href=\"http:\/\/www.xn--zgr-meydan-dcb8e.com\/?p=43\u00a0\">bu adreste<\/a><\/u>&nbsp;i\u015flemi\u015ftim.<\/span>\n<\/p>\n<p>\n\t<span style=\"color: #000000;\">K&uuml;lt&uuml;rel zenginlikle yo\u011frulmu\u015f yeti\u015fen toplumun bu yeni bireyleri alt\u0131n nesil diyebilece\u011fimiz devasa bir zenginli\u011fin donan\u0131m\u0131yla b&uuml;t&uuml;nle\u015fecektir.<\/span>\n<\/p>\n<p>\n\t<span style=\"color: #000000;\">Bu g&uuml;n en b&uuml;y&uuml;k s\u0131k\u0131nt\u0131s\u0131n\u0131 ya\u015fad\u0131\u011f\u0131m\u0131z okumu\u015f ama cahil profes&ouml;rlerin piyasada sebil gibi fazla olmas\u0131, &uuml;niversite mezunlar\u0131n\u0131n hi&ccedil;bir k\u0131ymet-i harbiyesinin olmamas\u0131 <\/span><span style=\"color: #ff0000;\"><sup><strong>(*)<\/strong><\/sup><\/span><span style=\"color: #000000;\"> bir vas\u0131fs\u0131z i\u015f&ccedil;i gibi in\u015faatlarda, temizlik \u015firketlerinde &ccedil;al\u0131\u015f\u0131yor olmas\u0131, yarasan\u0131n nezdinde b&uuml;t&uuml;n hayvanlardan tutunda, insan haklar\u0131n\u0131n olmad\u0131\u011f\u0131 bir &uuml;lkede nefes al\u0131yor olmam\u0131z cehalet kokan bir toplumu bize lay\u0131k g&ouml;renlerin s&ouml;m&uuml;r&uuml;de kar marj\u0131n\u0131 d&uuml;\u015f&uuml;nmenizi istiyorum.<\/span>\n<\/p>\n<p>\n\t<span style=\"color: #000000;\">Sevgili okurlar\u0131m, cehaletin savunucular\u0131 elbette kad\u0131n\u0131n e\u011fitilmesini istemeyeceklerdir &ccedil;&uuml;nk&uuml; kad\u0131n k&uuml;lt&uuml;rel olarak kendini geli\u015ftirirse yeti\u015ftirdi\u011fi &ccedil;ocuklar cehaletten beslenmeyecektir. Cehaletin atar damar\u0131 olan batakl\u0131k kad\u0131n\u0131n cehaletidir. Unutulmas\u0131n ki cehaletin sivrisinekleri ta\u015f\u0131d\u0131klar\u0131 cehalet s\u0131tmas\u0131n\u0131 bir topluma a\u015f\u0131layabilmesi kad\u0131n\u0131n e\u011fitimsizli\u011fi &uuml;zerine in\u015fa olmu\u015ftur.<\/span>\n<\/p>\n<p>\n\t<span style=\"color: #000000;\">Gelim \u015fimdi \u0130sve&ccedil;&rsquo;in yarasalar\u0131&#39;na: &#39;&#39;\u0130sve&ccedil; T&uuml;rlerin Korunma Yasas\u0131&rsquo;n\u0131n &ccedil;ok s\u0131k\u0131 oldu\u011funu belirten Rune Gerell bu durumda Halmstad Belediyesi&rsquo;nin s&ouml;z konusu yap\u0131y\u0131 y\u0131kabilmesi i&ccedil;im Kent \u0130dare Kurulu&rsquo;ndan &ouml;zel muafiyet izni almas\u0131 gerekti\u011fini s&ouml;yledi.<\/span>\n<\/p>\n<p>\n\t<span style=\"color: #000000;\">\u0130sve&ccedil; Do\u011fa Koruma Yasalar\u0131&rsquo;na g&ouml;re \u015fimdiye kadar \u0130sve&ccedil;&rsquo;te tespit edilen 19 yarasa t&uuml;r&uuml; 1986 y\u0131l\u0131ndan bu yana koruma alt\u0131nda bulunuyor.&#39;&#39; <\/span><span style=\"color: #ff0000;\"><sup><strong>(**)&nbsp;<\/strong><\/sup><\/span>\n<\/p>\n<p>\n\t<span style=\"color: #000000;\">Herhalde &ccedil;arp\u0131c\u0131 bu &ccedil;evre bilinci, insan haklar\u0131 ve hayvan haklar\u0131 &ccedil;arp\u0131c\u0131 k&uuml;lt&uuml;rel geli\u015fmi\u015flik kad\u0131n\u0131n yeti\u015ftirdi\u011fi erkek ve kad\u0131nlar\u0131n daha bilin&ccedil;li nesillerden ge&ccedil;ti\u011fini g&ouml;rece\u011fimizi biliyorum.<\/span>\n<\/p>\n<p>\n\t<span style=\"color: #000000;\">E\u011fer bunun b&ouml;yle oldu\u011funu d&uuml;\u015f&uuml;nemeyecek kadar cehaletle yo\u011frulmu\u015fsan\u0131z siz d&uuml;\u015f&uuml;nmenizde olur deyip sizin yerinize ben d&uuml;\u015f&uuml;nmeye devam edece\u011fimi s&ouml;ylemeden ge&ccedil;meyece\u011fim.<\/span>\n<\/p>\n<p>\n\t<span style=\"color: #000000;\">Atat&uuml;rk devrimi Cumhuriyet kad\u0131n\u0131 modernle\u015ftirmeye &ccedil;al\u0131\u015ft\u0131rm\u0131\u015ft\u0131r daha k\u0131ta Avrupa&#39;s\u0131nda bu yokken Atat&uuml;rk Cumhuriyetle se&ccedil;me se&ccedil;ilme hakk\u0131n\u0131 kad\u0131na bah\u015fetmi\u015ftir. Cehaletin temsilcisi medreseler ise kad\u0131n\u0131n e\u011fitim almas\u0131na ayak direterek kad\u0131n\u0131n eve hapsedilmesini, cahil kalmas\u0131n\u0131 &ccedil;ocuk do\u011furan cahilli\u011fiyle cahil &ccedil;ocuklar yeti\u015ftiren Osmanl\u0131 koku\u015fmu\u015flu\u011fu olan din eksenli s&ouml;m&uuml;r&uuml; d&uuml;zenin olu\u015fmas\u0131n\u0131 istemi\u015flerdir.<\/span>\n<\/p>\n<p>\n\t<span style=\"color: #000000;\">Bu g&uuml;n bu anayasa referandumuyla toplumun i&ccedil;inde yer alan c&uuml;zi miktarda geli\u015fmi\u015f olan kad\u0131n\u0131n verebildi\u011fi kadar\u0131yla e\u011fitim seviyesini bile &ccedil;ok g&ouml;ren gericili\u011fin Osmanl\u0131 koku\u015fmu\u015flu\u011fundan s&ouml;m&uuml;r&uuml; kar pay\u0131 elde edecek hac\u0131 hoca gericili\u011fi ge&ccedil;mi\u015fe &ouml;zlem duymas\u0131n\u0131n bir nedenide budur.<\/span>\n<\/p>\n<p>\n\t<span style=\"color: #000000;\">G&uuml;n&uuml;m&uuml;zde ya\u015fanan bu ger&ccedil;eklik hi&ccedil; yok olmayan sinsice kendisini besleyen Cumhuriyet d&uuml;\u015fmanlar\u0131yla Cumhuriyetin yok edilme Arap k&uuml;lt&uuml;r&uuml;n&uuml;n gericili\u011finde insanlar\u0131n gelece\u011fini zapt-\u0131 rapt alt\u0131na almak isteyenlerin ger&ccedil;ekli\u011fimizle kar\u015f\u0131 kar\u015f\u0131yay\u0131z.<\/span>\n<\/p>\n<p>\n\t<span style=\"color: #000000;\">Evet, insan haklar\u0131n\u0131n olmad\u0131\u011f\u0131 yerde yarasa hakk\u0131 olur mu?, sorusuyla bitirmek istiyorum bu k\u0131sa anekdotu mu.<\/span>\n<\/p>\n<p>\n\t<a data-hovercard=\"\/ajax\/hovercard\/user.php?id=100000943577395\" data-hovercard-prefer-more-content-show=\"1\" href=\"https:\/\/www.facebook.com\/agsayilgan\">Ali Galip Say\u0131lgan<\/a>\n<\/p>\n<p>\n\t<strong><u><span style=\"color: #000000;\">Kaynak:<\/span><\/u><\/strong>\n<\/p>\n<p>\n\t<span style=\"color: #ff0000;\"><sup><strong>(*)<\/strong><\/sup><\/span><span style=\"color: #000000;\"> &#39;&#39;&Uuml;niversiteyi bitirdikten sonra kurumsal firmalarda y&ouml;neticilik yapt\u0131. Ancak y&ouml;neticilik i\u015fini b\u0131rak\u0131p U\u015fak&#39;ta pilav satmaya ba\u015flad\u0131.&#39;&#39;&nbsp;<span style=\"font-size: 11px;\"><strong><u><a href=\"http:\/\/www.cumhuriyet.com.tr\/haber\/turkiye\/708376\/Yoneticiligi_birakip__Diplomali_pilavci__oldu.html\">TIKLAYIN<\/a><\/u><\/strong><\/span><\/span>\n<\/p>\n<p>\n\t<sup><span style=\"color: #ff0000;\"><strong>(**)<\/strong><\/span> <\/sup><span style=\"font-size: 11px;\"><strong><a href=\"http:\/\/www.cumhuriyet.com.tr\/haber\/cevre\/710143\/Cati_araliginda_yasayan_yarasa_yikimi_durdurttu.html\"><u>TIKLAYIN<\/u><\/a><\/strong><\/span><\/p>\n","protected":false},"excerpt":{"rendered":"<p>\u0130nsan haklar\u0131n\u0131n olmad\u0131\u011f\u0131 bir &uuml;lke de yarasa veya (hayvan) hakk\u0131 olur mu? Normalde olmas\u0131 gereken bu ama bizim standartlar\u0131m\u0131za g&ouml;re l&uuml;ks ka&ccedil;ar. Neden l&uuml;ks ka&ccedil;t\u0131\u011f\u0131n\u0131 &#39;falana (&#8230;) anlat\u0131r gibi&#39; derken&nbsp;isimini vermeyece\u011fim. Yani isim verip i\u015fin kolay\u0131na ka&ccedil;mayaca\u011f\u0131m. Zikretmek istedi\u011fim&nbsp;o isim,<\/p>\n","protected":false},"author":1,"featured_media":0,"comment_status":"closed","ping_status":"open","sticky":false,"template":"","format":"image","meta":{"footnotes":""},"categories":[1],"tags":[],"class_list":["post-302","post","type-post","status-publish","format-image","hentry","category-genel","post_format-post-format-image"],"yoast_head":"<!-- This site is optimized with the Yoast SEO plugin v27.4 - https:\/\/yoast.com\/product\/yoast-seo-wordpress\/ -->\n<title>Yarasadan kad\u0131na... - \u00d6zg\u00fcr-Meydan<\/title>\n<meta name=\"robots\" content=\"index, follow, max-snippet:-1, max-image-preview:large, max-video-preview:-1\" \/>\n<link rel=\"canonical\" href=\"https:\/\/www.xn--zgr-meydan-dcb8e.com\/?p=302\" \/>\n<meta property=\"og:locale\" content=\"tr_TR\" \/>\n<meta property=\"og:type\" content=\"article\" \/>\n<meta property=\"og:title\" content=\"Yarasadan kad\u0131na... - \u00d6zg\u00fcr-Meydan\" \/>\n<meta property=\"og:description\" content=\"\u0130nsan haklar\u0131n\u0131n olmad\u0131\u011f\u0131 bir &uuml;lke de yarasa veya (hayvan) hakk\u0131 olur mu? Normalde olmas\u0131 gereken bu ama bizim standartlar\u0131m\u0131za g&ouml;re l&uuml;ks ka&ccedil;ar. Neden l&uuml;ks ka&ccedil;t\u0131\u011f\u0131n\u0131 &#039;falana (&#8230;) anlat\u0131r gibi&#039; derken&nbsp;isimini vermeyece\u011fim. Yani isim verip i\u015fin kolay\u0131na ka&ccedil;mayaca\u011f\u0131m. Zikretmek istedi\u011fim&nbsp;o isim,\" \/>\n<meta property=\"og:url\" content=\"https:\/\/www.xn--zgr-meydan-dcb8e.com\/?p=302\" \/>\n<meta property=\"og:site_name\" content=\"\u00d6zg\u00fcr-Meydan\" \/>\n<meta property=\"article:published_time\" content=\"2017-03-30T16:44:11+00:00\" \/>\n<meta property=\"article:modified_time\" content=\"2017-09-06T17:06:32+00:00\" \/>\n<meta name=\"author\" content=\"Ali Galip Sayilgan\" \/>\n<meta name=\"twitter:card\" content=\"summary_large_image\" \/>\n<meta name=\"twitter:label1\" content=\"Yazan:\" \/>\n\t<meta name=\"twitter:data1\" content=\"Ali Galip Sayilgan\" \/>\n\t<meta name=\"twitter:label2\" content=\"Tahmini okuma s\u00fcresi\" \/>\n\t<meta name=\"twitter:data2\" content=\"8 dakika\" \/>\n<script type=\"application\/ld+json\" class=\"yoast-schema-graph\">{\"@context\":\"https:\\\/\\\/schema.org\",\"@graph\":[{\"@type\":\"Article\",\"@id\":\"https:\\\/\\\/www.xn--zgr-meydan-dcb8e.com\\\/?p=302#article\",\"isPartOf\":{\"@id\":\"https:\\\/\\\/www.xn--zgr-meydan-dcb8e.com\\\/?p=302\"},\"author\":{\"name\":\"Ali Galip Sayilgan\",\"@id\":\"https:\\\/\\\/www.xn--zgr-meydan-dcb8e.com\\\/#\\\/schema\\\/person\\\/38e43bd12d45bc50f43455b037132cd0\"},\"headline\":\"Yarasadan kad\u0131na&#8230;\",\"datePublished\":\"2017-03-30T16:44:11+00:00\",\"dateModified\":\"2017-09-06T17:06:32+00:00\",\"mainEntityOfPage\":{\"@id\":\"https:\\\/\\\/www.xn--zgr-meydan-dcb8e.com\\\/?p=302\"},\"wordCount\":1648,\"articleSection\":[\"GENEL\"],\"inLanguage\":\"tr\"},{\"@type\":\"WebPage\",\"@id\":\"https:\\\/\\\/www.xn--zgr-meydan-dcb8e.com\\\/?p=302\",\"url\":\"https:\\\/\\\/www.xn--zgr-meydan-dcb8e.com\\\/?p=302\",\"name\":\"Yarasadan kad\u0131na... - \u00d6zg\u00fcr-Meydan\",\"isPartOf\":{\"@id\":\"https:\\\/\\\/www.xn--zgr-meydan-dcb8e.com\\\/#website\"},\"datePublished\":\"2017-03-30T16:44:11+00:00\",\"dateModified\":\"2017-09-06T17:06:32+00:00\",\"author\":{\"@id\":\"https:\\\/\\\/www.xn--zgr-meydan-dcb8e.com\\\/#\\\/schema\\\/person\\\/38e43bd12d45bc50f43455b037132cd0\"},\"breadcrumb\":{\"@id\":\"https:\\\/\\\/www.xn--zgr-meydan-dcb8e.com\\\/?p=302#breadcrumb\"},\"inLanguage\":\"tr\",\"potentialAction\":[{\"@type\":\"ReadAction\",\"target\":[\"https:\\\/\\\/www.xn--zgr-meydan-dcb8e.com\\\/?p=302\"]}]},{\"@type\":\"BreadcrumbList\",\"@id\":\"https:\\\/\\\/www.xn--zgr-meydan-dcb8e.com\\\/?p=302#breadcrumb\",\"itemListElement\":[{\"@type\":\"ListItem\",\"position\":1,\"name\":\"Anasayfa\",\"item\":\"https:\\\/\\\/www.xn--zgr-meydan-dcb8e.com\\\/\"},{\"@type\":\"ListItem\",\"position\":2,\"name\":\"Yarasadan kad\u0131na&#8230;\"}]},{\"@type\":\"WebSite\",\"@id\":\"https:\\\/\\\/www.xn--zgr-meydan-dcb8e.com\\\/#website\",\"url\":\"https:\\\/\\\/www.xn--zgr-meydan-dcb8e.com\\\/\",\"name\":\"\u00d6zg\u00fcr-Meydan\",\"description\":\"Ba\u011f\u0131ms\u0131z, siyasi, \u00f6zg\u00fcr-yay\u0131n\",\"potentialAction\":[{\"@type\":\"SearchAction\",\"target\":{\"@type\":\"EntryPoint\",\"urlTemplate\":\"https:\\\/\\\/www.xn--zgr-meydan-dcb8e.com\\\/?s={search_term_string}\"},\"query-input\":{\"@type\":\"PropertyValueSpecification\",\"valueRequired\":true,\"valueName\":\"search_term_string\"}}],\"inLanguage\":\"tr\"},{\"@type\":\"Person\",\"@id\":\"https:\\\/\\\/www.xn--zgr-meydan-dcb8e.com\\\/#\\\/schema\\\/person\\\/38e43bd12d45bc50f43455b037132cd0\",\"name\":\"Ali Galip Sayilgan\",\"sameAs\":[\"http:\\\/\\\/www.\u00f6zg\u00fcr-meydan.com\\\/\"],\"url\":\"https:\\\/\\\/www.xn--zgr-meydan-dcb8e.com\\\/?author=1\"}]}<\/script>\n<!-- \/ Yoast SEO plugin. -->","yoast_head_json":{"title":"Yarasadan kad\u0131na... - \u00d6zg\u00fcr-Meydan","robots":{"index":"index","follow":"follow","max-snippet":"max-snippet:-1","max-image-preview":"max-image-preview:large","max-video-preview":"max-video-preview:-1"},"canonical":"https:\/\/www.xn--zgr-meydan-dcb8e.com\/?p=302","og_locale":"tr_TR","og_type":"article","og_title":"Yarasadan kad\u0131na... - \u00d6zg\u00fcr-Meydan","og_description":"\u0130nsan haklar\u0131n\u0131n olmad\u0131\u011f\u0131 bir &uuml;lke de yarasa veya (hayvan) hakk\u0131 olur mu? Normalde olmas\u0131 gereken bu ama bizim standartlar\u0131m\u0131za g&ouml;re l&uuml;ks ka&ccedil;ar. Neden l&uuml;ks ka&ccedil;t\u0131\u011f\u0131n\u0131 &#39;falana (&#8230;) anlat\u0131r gibi&#39; derken&nbsp;isimini vermeyece\u011fim. Yani isim verip i\u015fin kolay\u0131na ka&ccedil;mayaca\u011f\u0131m. Zikretmek istedi\u011fim&nbsp;o isim,","og_url":"https:\/\/www.xn--zgr-meydan-dcb8e.com\/?p=302","og_site_name":"\u00d6zg\u00fcr-Meydan","article_published_time":"2017-03-30T16:44:11+00:00","article_modified_time":"2017-09-06T17:06:32+00:00","author":"Ali Galip Sayilgan","twitter_card":"summary_large_image","twitter_misc":{"Yazan:":"Ali Galip Sayilgan","Tahmini okuma s\u00fcresi":"8 dakika"},"schema":{"@context":"https:\/\/schema.org","@graph":[{"@type":"Article","@id":"https:\/\/www.xn--zgr-meydan-dcb8e.com\/?p=302#article","isPartOf":{"@id":"https:\/\/www.xn--zgr-meydan-dcb8e.com\/?p=302"},"author":{"name":"Ali Galip Sayilgan","@id":"https:\/\/www.xn--zgr-meydan-dcb8e.com\/#\/schema\/person\/38e43bd12d45bc50f43455b037132cd0"},"headline":"Yarasadan kad\u0131na&#8230;","datePublished":"2017-03-30T16:44:11+00:00","dateModified":"2017-09-06T17:06:32+00:00","mainEntityOfPage":{"@id":"https:\/\/www.xn--zgr-meydan-dcb8e.com\/?p=302"},"wordCount":1648,"articleSection":["GENEL"],"inLanguage":"tr"},{"@type":"WebPage","@id":"https:\/\/www.xn--zgr-meydan-dcb8e.com\/?p=302","url":"https:\/\/www.xn--zgr-meydan-dcb8e.com\/?p=302","name":"Yarasadan kad\u0131na... - \u00d6zg\u00fcr-Meydan","isPartOf":{"@id":"https:\/\/www.xn--zgr-meydan-dcb8e.com\/#website"},"datePublished":"2017-03-30T16:44:11+00:00","dateModified":"2017-09-06T17:06:32+00:00","author":{"@id":"https:\/\/www.xn--zgr-meydan-dcb8e.com\/#\/schema\/person\/38e43bd12d45bc50f43455b037132cd0"},"breadcrumb":{"@id":"https:\/\/www.xn--zgr-meydan-dcb8e.com\/?p=302#breadcrumb"},"inLanguage":"tr","potentialAction":[{"@type":"ReadAction","target":["https:\/\/www.xn--zgr-meydan-dcb8e.com\/?p=302"]}]},{"@type":"BreadcrumbList","@id":"https:\/\/www.xn--zgr-meydan-dcb8e.com\/?p=302#breadcrumb","itemListElement":[{"@type":"ListItem","position":1,"name":"Anasayfa","item":"https:\/\/www.xn--zgr-meydan-dcb8e.com\/"},{"@type":"ListItem","position":2,"name":"Yarasadan kad\u0131na&#8230;"}]},{"@type":"WebSite","@id":"https:\/\/www.xn--zgr-meydan-dcb8e.com\/#website","url":"https:\/\/www.xn--zgr-meydan-dcb8e.com\/","name":"\u00d6zg\u00fcr-Meydan","description":"Ba\u011f\u0131ms\u0131z, siyasi, \u00f6zg\u00fcr-yay\u0131n","potentialAction":[{"@type":"SearchAction","target":{"@type":"EntryPoint","urlTemplate":"https:\/\/www.xn--zgr-meydan-dcb8e.com\/?s={search_term_string}"},"query-input":{"@type":"PropertyValueSpecification","valueRequired":true,"valueName":"search_term_string"}}],"inLanguage":"tr"},{"@type":"Person","@id":"https:\/\/www.xn--zgr-meydan-dcb8e.com\/#\/schema\/person\/38e43bd12d45bc50f43455b037132cd0","name":"Ali Galip Sayilgan","sameAs":["http:\/\/www.\u00f6zg\u00fcr-meydan.com\/"],"url":"https:\/\/www.xn--zgr-meydan-dcb8e.com\/?author=1"}]}},"_links":{"self":[{"href":"https:\/\/www.xn--zgr-meydan-dcb8e.com\/index.php?rest_route=\/wp\/v2\/posts\/302","targetHints":{"allow":["GET"]}}],"collection":[{"href":"https:\/\/www.xn--zgr-meydan-dcb8e.com\/index.php?rest_route=\/wp\/v2\/posts"}],"about":[{"href":"https:\/\/www.xn--zgr-meydan-dcb8e.com\/index.php?rest_route=\/wp\/v2\/types\/post"}],"author":[{"embeddable":true,"href":"https:\/\/www.xn--zgr-meydan-dcb8e.com\/index.php?rest_route=\/wp\/v2\/users\/1"}],"replies":[{"embeddable":true,"href":"https:\/\/www.xn--zgr-meydan-dcb8e.com\/index.php?rest_route=%2Fwp%2Fv2%2Fcomments&post=302"}],"version-history":[{"count":27,"href":"https:\/\/www.xn--zgr-meydan-dcb8e.com\/index.php?rest_route=\/wp\/v2\/posts\/302\/revisions"}],"predecessor-version":[{"id":795,"href":"https:\/\/www.xn--zgr-meydan-dcb8e.com\/index.php?rest_route=\/wp\/v2\/posts\/302\/revisions\/795"}],"wp:attachment":[{"href":"https:\/\/www.xn--zgr-meydan-dcb8e.com\/index.php?rest_route=%2Fwp%2Fv2%2Fmedia&parent=302"}],"wp:term":[{"taxonomy":"category","embeddable":true,"href":"https:\/\/www.xn--zgr-meydan-dcb8e.com\/index.php?rest_route=%2Fwp%2Fv2%2Fcategories&post=302"},{"taxonomy":"post_tag","embeddable":true,"href":"https:\/\/www.xn--zgr-meydan-dcb8e.com\/index.php?rest_route=%2Fwp%2Fv2%2Ftags&post=302"}],"curies":[{"name":"wp","href":"https:\/\/api.w.org\/{rel}","templated":true}]}}