{"id":331,"date":"2017-04-06T11:00:05","date_gmt":"2017-04-06T08:00:05","guid":{"rendered":"http:\/\/www.xn--zgr-meydan-dcb8e.com\/?p=331"},"modified":"2023-06-16T21:53:48","modified_gmt":"2023-06-16T18:53:48","slug":"siyaset-yaptigini-sanan-efendi-dilinin-altidaki-baklayi-neden-bir-turlu-cikaramiyor","status":"publish","type":"post","link":"https:\/\/www.xn--zgr-meydan-dcb8e.com\/?p=331","title":{"rendered":"Siyaset yapt\u0131\u011f\u0131n\u0131 sanan efendi&#8230;"},"content":{"rendered":"<p><img fetchpriority=\"high\" decoding=\"async\" class=\"size-full wp-image-469 alignleft\" title=\"\" src=\"http:\/\/www.xn--zgr-meydan-dcb8e.com\/wp-content\/uploads\/2017\/04\/siyaset.png\" alt=\"\" width=\"700\" height=\"250\" srcset=\"https:\/\/www.\u00f6zg\u00fcr-meydan.com\/wp-content\/uploads\/2017\/04\/siyaset.png 700w, https:\/\/www.\u00f6zg\u00fcr-meydan.com\/wp-content\/uploads\/2017\/04\/siyaset-300x107.png 300w\" sizes=\"(max-width: 700px) 100vw, 700px\" \/><\/p>\n<p>Korkuyorsa korkuyorum desin \u00e7enesini kapat\u0131p k\u00f6\u015fesine \u00e7ekilsin otursun.<\/p>\n<p>Yada \u015feffaf olsun.<\/p>\n<p>Efendim Adil \u00d6ks\u00fcze kim GPS cihaz\u0131 ithal ettiyse sorumlusu odur diyor&#8230; \u015eifahen baz\u0131 konularda bir \u015fey bildi\u011fini ima ediyor.<\/p>\n<p>Bir \u015feyler bilebilir bu \u00e7ok normal zira &#8216;g\u00f6r\u00fcnen k\u00f6y k\u0131lavuz istemez!&#8217; \u00f6zdeyi\u015fi gibi her \u015fey ayan beyan ortada iken, i\u015f bunun ad\u0131n\u0131 do\u011fru koymaktan ge\u00e7iyor.<\/p>\n<p>Ad\u0131n\u0131 net olarak koyma i\u015fi g\u00fcndeme gelince dilinin alt\u0131na yerle\u015ftirdi\u011fin baklaya s\u0131\u011f\u0131nmak bunu siyasete d\u00f6n\u00fc\u015ft\u00fcrme \u00e7abas\u0131 bire bir Oport\u00fcnizm kendisidir.<\/p>\n<p>K\u0131l\u0131\u00e7daro\u011flu dilinin alt\u0131ndaki baklay\u0131 eveleyip geveleyip durmas\u0131n bu darbenin ba\u015f sorumlular\u0131 falan falan ki\u015fidir diyerek net konu\u015fmal\u0131d\u0131r.<\/p>\n<p>Korkmak insani bir durumdur korkular\u0131n\u0131 empati yapabilirim, korkan adam susar, bu hem susmuyor baklas\u0131na s\u0131\u011f\u0131narak hemde net konu\u015fmuyor.<\/p>\n<p>Dilinin alt\u0131na yerle\u015ftirdi\u011fi baklas\u0131n\u0131n m\u00fcsade etti\u011fi kadar madde madde s\u0131ral\u0131yor:<\/p>\n<p>&#8221; 1- Meclis\u2019te kurulan komisyonunun darbenin ana boyutunu ortaya \u00e7\u0131karmas\u0131 iktidar taraf\u0131ndan engellendi. Darbenin kilit b\u00fcrokratlar\u0131 Meclis\u2019e gelmedi. Bu bizi ku\u015fkuland\u0131rd\u0131.<\/p>\n<p>2- FET\u00d6\u2019yle ilgili ana iddianameyi haz\u0131rlayan savc\u0131 g\u00f6revden al\u0131nd\u0131.<\/p>\n<p>3- Ana \u00e7at\u0131 iddianamesine dair \u00f6nemli ku\u015fkular var. \u0130ddianamede baz\u0131 b\u00f6l\u00fcmler aras\u0131nda kopukluklar var. Nokta nokta gidiyor, sonra \u00fcst ak\u0131l diye bir b\u00f6l\u00fcm ba\u015fl\u0131yor. Bu, darbe giri\u015fimini kapatma \u00e7abas\u0131 oldu\u011fu ku\u015fkusunu ortaya \u00e7\u0131kard\u0131.<\/p>\n<p>4- 6 Haziran tarihli FET\u00d6 ter\u00f6r \u00f6rg\u00fct\u00fcyle ilgili iddianame var. Orada FET\u00d6\u2019n\u00fcn darbe yapaca\u011f\u0131 s\u00f6yleniyor. Darbe yapacak g\u00fcce eri\u015fti\u011fine dikkat \u00e7ekiliyor. Peki, bu biline biline darbe niye \u00f6nlenemedi?\u2019\u2019<\/p>\n<p>Bu darbeyi \u00f6rg\u00fctleyen \u015fu ki\u015filer diye ad\u0131n\u0131 koymadan \u00e7ekiniyor.<\/p>\n<p>Grekoromen g\u00fcre\u015f\u00e7ileri gibi arkaya dolan\u0131p be\u015f puan almay\u0131 ye\u011fliyor.<\/p>\n<p>Darbe giri\u015fimini M\u0130T m\u00fcste\u015far\u0131 Hakan Fidan ile Tayyip Erdo\u011fan&#8217;\u0131n referanduma giden ba\u015fkanl\u0131k sultas\u0131n\u0131 ba\u015far\u0131ya d\u00f6n\u00fc\u015ft\u00fcrmenin stratejisi oldu\u011funu daha \u00f6nce yazm\u0131\u015ft\u0131m.<\/p>\n<p>Ba\u015fkanl\u0131k sistemi s\u00fcrecinin bir ameliyat\u0131 oldu\u011funu, darbe giri\u015fiminin sorumlusu (bu ikilinin \u00f6rg\u00fctledi\u011fini a\u00e7\u0131k a\u00e7\u0131k s\u00f6yleyemiyorsa) politika yap\u0131yorum diye efelenip konu\u015fmas\u0131n.<\/p>\n<p>Adil \u00d6ks\u00fcz neden b\u0131rak\u0131ld\u0131 diyor!<\/p>\n<p>\u00d6ll\u00fc\u011f\u00fcn k\u00f6r\u00fc i\u00e7in b\u0131rak\u0131ld\u0131 K\u0131l\u0131\u00e7daro\u011flu.<\/p>\n<p>Adam zaten M\u0130T Ajan\u0131yd\u0131 Hakan Fidan ile Erdo\u011fan&#8217;\u0131n sana neden b\u0131rak\u0131ld\u0131\u011f\u0131n\u0131 m\u0131 anlatacaklar\u0131n\u0131 san\u0131yorsun?<\/p>\n<p>Sen ko\u015ftura ko\u015ftura &#8216;Yeni Kap\u0131 Ruhuna&#8217;git&#8230;<\/p>\n<p>Darbe mi? Tatbikat m\u0131? Muammas\u0131 s\u00fcrerken, K\u0131l\u0131\u00e7daro\u011flu\u00a0gibi korkular\u0131 olup darbe tezgah\u0131n\u0131n sorumlular\u0131n\u0131n ad\u0131n\u0131 bir t\u00fcrl\u00fc koyamayanlar i\u00e7in ben bu adreste <a href=\"http:\/\/www.xn--zgr-meydan-dcb8e.com\/?p=258\"><span style=\"color: #0000cd;\">TIKLAYIN<\/span><\/a><a href=\"http:\/\/www.xn--zgr-meydan-dcb8e.com\/?p=258\"><span style=\"color: #0000cd;\">\u00a0<\/span><\/a>yazm\u0131\u015ft\u0131m.<\/p>\n<p>Ama sen her zamanki gibi okumad\u0131n, deh\u015fet dengiz y\u00fcksek bilgilerine dayanarak darbecileri lanetlemek i\u00e7in &#8216;Yeni Kap\u0131 Ruhunu&#8217; ya\u015fatmaya gittin.<\/p>\n<p>Asl\u0131nda asal (ger\u00e7ek) darbecileri desteklemek i\u00e7in i\u015fbirli\u011fine gittin.<\/p>\n<p>Pabucumun ka\u015farlanm\u0131\u015f b\u00fct\u00fcn k\u00fcl yutmazlar\u0131 sanki CHP&#8217;nin i\u00e7inde&#8230;<\/p>\n<p>CHP&#8217;nin i\u00e7inden hi\u00e7 mi k\u00fclt\u00fcrl\u00fc birisi yok? CHP salaklar\u0131n bile\u015fkesinden olu\u015ftu\u011funu ben sanm\u0131yorum. Birisi bu &#8221;baklac\u0131ya&#8221; \u00e7evresinde ne olup bitti\u011fini bilebilmesi i\u00e7in takip etmesi gerekti\u011fini bu y\u00fczden okuma al\u0131\u015fkanl\u0131\u011f\u0131 edinmesi gerekti\u011fini anlats\u0131n.<\/p>\n<p>A\u011fz\u0131nda baklay\u0131 eveleyip geveleyip duruyor, bir t\u00fcrl\u00fc diyemiyor darbenin as\u0131l katilleri Tayyip Erdo\u011fan ve Hakan Fidan\u00a0 Ve Hulisi Akar oldu\u011funu bir t\u00fcrl\u00fc dillendiremiyor.<\/p>\n<p>Dilinin alt\u0131nda bakla ile siyaset yapt\u0131\u011f\u0131n\u0131 sanan adam;<\/p>\n<p>Ya sus, ya Konu\u015f!<\/p>\n<p>Ali Galip Say\u0131lgan<\/p>\n","protected":false},"excerpt":{"rendered":"<p>Korkuyorsa korkuyorum desin \u00e7enesini kapat\u0131p k\u00f6\u015fesine \u00e7ekilsin otursun. Yada \u015feffaf olsun. Efendim Adil \u00d6ks\u00fcze kim GPS cihaz\u0131 ithal ettiyse sorumlusu odur diyor&#8230; \u015eifahen baz\u0131 konularda bir \u015fey bildi\u011fini ima ediyor. Bir \u015feyler bilebilir bu \u00e7ok normal zira &#8216;g\u00f6r\u00fcnen k\u00f6y k\u0131lavuz<\/p>\n","protected":false},"author":1,"featured_media":0,"comment_status":"closed","ping_status":"open","sticky":false,"template":"","format":"standard","meta":{"footnotes":""},"categories":[1],"tags":[],"class_list":["post-331","post","type-post","status-publish","format-standard","hentry","category-genel"],"yoast_head":"<!-- This site is optimized with the Yoast SEO plugin v27.4 - https:\/\/yoast.com\/product\/yoast-seo-wordpress\/ -->\n<title>Siyaset yapt\u0131\u011f\u0131n\u0131 sanan efendi... - \u00d6zg\u00fcr-Meydan<\/title>\n<meta name=\"robots\" content=\"index, follow, max-snippet:-1, max-image-preview:large, max-video-preview:-1\" \/>\n<link rel=\"canonical\" href=\"https:\/\/www.xn--zgr-meydan-dcb8e.com\/?p=331\" \/>\n<meta property=\"og:locale\" content=\"tr_TR\" \/>\n<meta property=\"og:type\" content=\"article\" \/>\n<meta property=\"og:title\" content=\"Siyaset yapt\u0131\u011f\u0131n\u0131 sanan efendi... - \u00d6zg\u00fcr-Meydan\" \/>\n<meta property=\"og:description\" content=\"Korkuyorsa korkuyorum desin \u00e7enesini kapat\u0131p k\u00f6\u015fesine \u00e7ekilsin otursun. Yada \u015feffaf olsun. Efendim Adil \u00d6ks\u00fcze kim GPS cihaz\u0131 ithal ettiyse sorumlusu odur diyor&#8230; \u015eifahen baz\u0131 konularda bir \u015fey bildi\u011fini ima ediyor. Bir \u015feyler bilebilir bu \u00e7ok normal zira &#8216;g\u00f6r\u00fcnen k\u00f6y k\u0131lavuz\" \/>\n<meta property=\"og:url\" content=\"https:\/\/www.xn--zgr-meydan-dcb8e.com\/?p=331\" \/>\n<meta property=\"og:site_name\" content=\"\u00d6zg\u00fcr-Meydan\" \/>\n<meta property=\"article:published_time\" content=\"2017-04-06T08:00:05+00:00\" \/>\n<meta property=\"article:modified_time\" content=\"2023-06-16T18:53:48+00:00\" \/>\n<meta property=\"og:image\" content=\"https:\/\/www.\u00f6zg\u00fcr-meydan.com\/wp-content\/uploads\/2017\/04\/siyaset.png\" \/>\n\t<meta property=\"og:image:width\" content=\"700\" \/>\n\t<meta property=\"og:image:height\" content=\"250\" \/>\n\t<meta property=\"og:image:type\" content=\"image\/png\" \/>\n<meta name=\"author\" content=\"Ali Galip Sayilgan\" \/>\n<meta name=\"twitter:card\" content=\"summary_large_image\" \/>\n<meta name=\"twitter:label1\" content=\"Yazan:\" \/>\n\t<meta name=\"twitter:data1\" content=\"Ali Galip Sayilgan\" \/>\n\t<meta name=\"twitter:label2\" content=\"Tahmini okuma s\u00fcresi\" \/>\n\t<meta name=\"twitter:data2\" content=\"3 dakika\" \/>\n<script type=\"application\/ld+json\" class=\"yoast-schema-graph\">{\"@context\":\"https:\\\/\\\/schema.org\",\"@graph\":[{\"@type\":\"Article\",\"@id\":\"https:\\\/\\\/www.xn--zgr-meydan-dcb8e.com\\\/?p=331#article\",\"isPartOf\":{\"@id\":\"https:\\\/\\\/www.xn--zgr-meydan-dcb8e.com\\\/?p=331\"},\"author\":{\"name\":\"Ali Galip Sayilgan\",\"@id\":\"https:\\\/\\\/www.xn--zgr-meydan-dcb8e.com\\\/#\\\/schema\\\/person\\\/38e43bd12d45bc50f43455b037132cd0\"},\"headline\":\"Siyaset yapt\u0131\u011f\u0131n\u0131 sanan efendi&#8230;\",\"datePublished\":\"2017-04-06T08:00:05+00:00\",\"dateModified\":\"2023-06-16T18:53:48+00:00\",\"mainEntityOfPage\":{\"@id\":\"https:\\\/\\\/www.xn--zgr-meydan-dcb8e.com\\\/?p=331\"},\"wordCount\":621,\"image\":{\"@id\":\"https:\\\/\\\/www.xn--zgr-meydan-dcb8e.com\\\/?p=331#primaryimage\"},\"thumbnailUrl\":\"http:\\\/\\\/www.xn--zgr-meydan-dcb8e.com\\\/wp-content\\\/uploads\\\/2017\\\/04\\\/siyaset.png\",\"articleSection\":[\"GENEL\"],\"inLanguage\":\"tr\"},{\"@type\":\"WebPage\",\"@id\":\"https:\\\/\\\/www.xn--zgr-meydan-dcb8e.com\\\/?p=331\",\"url\":\"https:\\\/\\\/www.xn--zgr-meydan-dcb8e.com\\\/?p=331\",\"name\":\"Siyaset yapt\u0131\u011f\u0131n\u0131 sanan efendi... - \u00d6zg\u00fcr-Meydan\",\"isPartOf\":{\"@id\":\"https:\\\/\\\/www.xn--zgr-meydan-dcb8e.com\\\/#website\"},\"primaryImageOfPage\":{\"@id\":\"https:\\\/\\\/www.xn--zgr-meydan-dcb8e.com\\\/?p=331#primaryimage\"},\"image\":{\"@id\":\"https:\\\/\\\/www.xn--zgr-meydan-dcb8e.com\\\/?p=331#primaryimage\"},\"thumbnailUrl\":\"http:\\\/\\\/www.xn--zgr-meydan-dcb8e.com\\\/wp-content\\\/uploads\\\/2017\\\/04\\\/siyaset.png\",\"datePublished\":\"2017-04-06T08:00:05+00:00\",\"dateModified\":\"2023-06-16T18:53:48+00:00\",\"author\":{\"@id\":\"https:\\\/\\\/www.xn--zgr-meydan-dcb8e.com\\\/#\\\/schema\\\/person\\\/38e43bd12d45bc50f43455b037132cd0\"},\"breadcrumb\":{\"@id\":\"https:\\\/\\\/www.xn--zgr-meydan-dcb8e.com\\\/?p=331#breadcrumb\"},\"inLanguage\":\"tr\",\"potentialAction\":[{\"@type\":\"ReadAction\",\"target\":[\"https:\\\/\\\/www.xn--zgr-meydan-dcb8e.com\\\/?p=331\"]}]},{\"@type\":\"ImageObject\",\"inLanguage\":\"tr\",\"@id\":\"https:\\\/\\\/www.xn--zgr-meydan-dcb8e.com\\\/?p=331#primaryimage\",\"url\":\"https:\\\/\\\/www.\u00f6zg\u00fcr-meydan.com\\\/wp-content\\\/uploads\\\/2017\\\/04\\\/siyaset.png\",\"contentUrl\":\"https:\\\/\\\/www.\u00f6zg\u00fcr-meydan.com\\\/wp-content\\\/uploads\\\/2017\\\/04\\\/siyaset.png\",\"width\":700,\"height\":250},{\"@type\":\"BreadcrumbList\",\"@id\":\"https:\\\/\\\/www.xn--zgr-meydan-dcb8e.com\\\/?p=331#breadcrumb\",\"itemListElement\":[{\"@type\":\"ListItem\",\"position\":1,\"name\":\"Anasayfa\",\"item\":\"https:\\\/\\\/www.xn--zgr-meydan-dcb8e.com\\\/\"},{\"@type\":\"ListItem\",\"position\":2,\"name\":\"Siyaset yapt\u0131\u011f\u0131n\u0131 sanan efendi&#8230;\"}]},{\"@type\":\"WebSite\",\"@id\":\"https:\\\/\\\/www.xn--zgr-meydan-dcb8e.com\\\/#website\",\"url\":\"https:\\\/\\\/www.xn--zgr-meydan-dcb8e.com\\\/\",\"name\":\"\u00d6zg\u00fcr-Meydan\",\"description\":\"Ba\u011f\u0131ms\u0131z, siyasi, \u00f6zg\u00fcr-yay\u0131n\",\"potentialAction\":[{\"@type\":\"SearchAction\",\"target\":{\"@type\":\"EntryPoint\",\"urlTemplate\":\"https:\\\/\\\/www.xn--zgr-meydan-dcb8e.com\\\/?s={search_term_string}\"},\"query-input\":{\"@type\":\"PropertyValueSpecification\",\"valueRequired\":true,\"valueName\":\"search_term_string\"}}],\"inLanguage\":\"tr\"},{\"@type\":\"Person\",\"@id\":\"https:\\\/\\\/www.xn--zgr-meydan-dcb8e.com\\\/#\\\/schema\\\/person\\\/38e43bd12d45bc50f43455b037132cd0\",\"name\":\"Ali Galip Sayilgan\",\"sameAs\":[\"http:\\\/\\\/www.\u00f6zg\u00fcr-meydan.com\\\/\"],\"url\":\"https:\\\/\\\/www.xn--zgr-meydan-dcb8e.com\\\/?author=1\"}]}<\/script>\n<!-- \/ Yoast SEO plugin. -->","yoast_head_json":{"title":"Siyaset yapt\u0131\u011f\u0131n\u0131 sanan efendi... - \u00d6zg\u00fcr-Meydan","robots":{"index":"index","follow":"follow","max-snippet":"max-snippet:-1","max-image-preview":"max-image-preview:large","max-video-preview":"max-video-preview:-1"},"canonical":"https:\/\/www.xn--zgr-meydan-dcb8e.com\/?p=331","og_locale":"tr_TR","og_type":"article","og_title":"Siyaset yapt\u0131\u011f\u0131n\u0131 sanan efendi... - \u00d6zg\u00fcr-Meydan","og_description":"Korkuyorsa korkuyorum desin \u00e7enesini kapat\u0131p k\u00f6\u015fesine \u00e7ekilsin otursun. Yada \u015feffaf olsun. Efendim Adil \u00d6ks\u00fcze kim GPS cihaz\u0131 ithal ettiyse sorumlusu odur diyor&#8230; \u015eifahen baz\u0131 konularda bir \u015fey bildi\u011fini ima ediyor. Bir \u015feyler bilebilir bu \u00e7ok normal zira &#8216;g\u00f6r\u00fcnen k\u00f6y k\u0131lavuz","og_url":"https:\/\/www.xn--zgr-meydan-dcb8e.com\/?p=331","og_site_name":"\u00d6zg\u00fcr-Meydan","article_published_time":"2017-04-06T08:00:05+00:00","article_modified_time":"2023-06-16T18:53:48+00:00","og_image":[{"width":700,"height":250,"url":"https:\/\/www.\u00f6zg\u00fcr-meydan.com\/wp-content\/uploads\/2017\/04\/siyaset.png","type":"image\/png"}],"author":"Ali Galip Sayilgan","twitter_card":"summary_large_image","twitter_misc":{"Yazan:":"Ali Galip Sayilgan","Tahmini okuma s\u00fcresi":"3 dakika"},"schema":{"@context":"https:\/\/schema.org","@graph":[{"@type":"Article","@id":"https:\/\/www.xn--zgr-meydan-dcb8e.com\/?p=331#article","isPartOf":{"@id":"https:\/\/www.xn--zgr-meydan-dcb8e.com\/?p=331"},"author":{"name":"Ali Galip Sayilgan","@id":"https:\/\/www.xn--zgr-meydan-dcb8e.com\/#\/schema\/person\/38e43bd12d45bc50f43455b037132cd0"},"headline":"Siyaset yapt\u0131\u011f\u0131n\u0131 sanan efendi&#8230;","datePublished":"2017-04-06T08:00:05+00:00","dateModified":"2023-06-16T18:53:48+00:00","mainEntityOfPage":{"@id":"https:\/\/www.xn--zgr-meydan-dcb8e.com\/?p=331"},"wordCount":621,"image":{"@id":"https:\/\/www.xn--zgr-meydan-dcb8e.com\/?p=331#primaryimage"},"thumbnailUrl":"http:\/\/www.xn--zgr-meydan-dcb8e.com\/wp-content\/uploads\/2017\/04\/siyaset.png","articleSection":["GENEL"],"inLanguage":"tr"},{"@type":"WebPage","@id":"https:\/\/www.xn--zgr-meydan-dcb8e.com\/?p=331","url":"https:\/\/www.xn--zgr-meydan-dcb8e.com\/?p=331","name":"Siyaset yapt\u0131\u011f\u0131n\u0131 sanan efendi... - \u00d6zg\u00fcr-Meydan","isPartOf":{"@id":"https:\/\/www.xn--zgr-meydan-dcb8e.com\/#website"},"primaryImageOfPage":{"@id":"https:\/\/www.xn--zgr-meydan-dcb8e.com\/?p=331#primaryimage"},"image":{"@id":"https:\/\/www.xn--zgr-meydan-dcb8e.com\/?p=331#primaryimage"},"thumbnailUrl":"http:\/\/www.xn--zgr-meydan-dcb8e.com\/wp-content\/uploads\/2017\/04\/siyaset.png","datePublished":"2017-04-06T08:00:05+00:00","dateModified":"2023-06-16T18:53:48+00:00","author":{"@id":"https:\/\/www.xn--zgr-meydan-dcb8e.com\/#\/schema\/person\/38e43bd12d45bc50f43455b037132cd0"},"breadcrumb":{"@id":"https:\/\/www.xn--zgr-meydan-dcb8e.com\/?p=331#breadcrumb"},"inLanguage":"tr","potentialAction":[{"@type":"ReadAction","target":["https:\/\/www.xn--zgr-meydan-dcb8e.com\/?p=331"]}]},{"@type":"ImageObject","inLanguage":"tr","@id":"https:\/\/www.xn--zgr-meydan-dcb8e.com\/?p=331#primaryimage","url":"https:\/\/www.\u00f6zg\u00fcr-meydan.com\/wp-content\/uploads\/2017\/04\/siyaset.png","contentUrl":"https:\/\/www.\u00f6zg\u00fcr-meydan.com\/wp-content\/uploads\/2017\/04\/siyaset.png","width":700,"height":250},{"@type":"BreadcrumbList","@id":"https:\/\/www.xn--zgr-meydan-dcb8e.com\/?p=331#breadcrumb","itemListElement":[{"@type":"ListItem","position":1,"name":"Anasayfa","item":"https:\/\/www.xn--zgr-meydan-dcb8e.com\/"},{"@type":"ListItem","position":2,"name":"Siyaset yapt\u0131\u011f\u0131n\u0131 sanan efendi&#8230;"}]},{"@type":"WebSite","@id":"https:\/\/www.xn--zgr-meydan-dcb8e.com\/#website","url":"https:\/\/www.xn--zgr-meydan-dcb8e.com\/","name":"\u00d6zg\u00fcr-Meydan","description":"Ba\u011f\u0131ms\u0131z, siyasi, \u00f6zg\u00fcr-yay\u0131n","potentialAction":[{"@type":"SearchAction","target":{"@type":"EntryPoint","urlTemplate":"https:\/\/www.xn--zgr-meydan-dcb8e.com\/?s={search_term_string}"},"query-input":{"@type":"PropertyValueSpecification","valueRequired":true,"valueName":"search_term_string"}}],"inLanguage":"tr"},{"@type":"Person","@id":"https:\/\/www.xn--zgr-meydan-dcb8e.com\/#\/schema\/person\/38e43bd12d45bc50f43455b037132cd0","name":"Ali Galip Sayilgan","sameAs":["http:\/\/www.\u00f6zg\u00fcr-meydan.com\/"],"url":"https:\/\/www.xn--zgr-meydan-dcb8e.com\/?author=1"}]}},"_links":{"self":[{"href":"https:\/\/www.xn--zgr-meydan-dcb8e.com\/index.php?rest_route=\/wp\/v2\/posts\/331","targetHints":{"allow":["GET"]}}],"collection":[{"href":"https:\/\/www.xn--zgr-meydan-dcb8e.com\/index.php?rest_route=\/wp\/v2\/posts"}],"about":[{"href":"https:\/\/www.xn--zgr-meydan-dcb8e.com\/index.php?rest_route=\/wp\/v2\/types\/post"}],"author":[{"embeddable":true,"href":"https:\/\/www.xn--zgr-meydan-dcb8e.com\/index.php?rest_route=\/wp\/v2\/users\/1"}],"replies":[{"embeddable":true,"href":"https:\/\/www.xn--zgr-meydan-dcb8e.com\/index.php?rest_route=%2Fwp%2Fv2%2Fcomments&post=331"}],"version-history":[{"count":13,"href":"https:\/\/www.xn--zgr-meydan-dcb8e.com\/index.php?rest_route=\/wp\/v2\/posts\/331\/revisions"}],"predecessor-version":[{"id":1161,"href":"https:\/\/www.xn--zgr-meydan-dcb8e.com\/index.php?rest_route=\/wp\/v2\/posts\/331\/revisions\/1161"}],"wp:attachment":[{"href":"https:\/\/www.xn--zgr-meydan-dcb8e.com\/index.php?rest_route=%2Fwp%2Fv2%2Fmedia&parent=331"}],"wp:term":[{"taxonomy":"category","embeddable":true,"href":"https:\/\/www.xn--zgr-meydan-dcb8e.com\/index.php?rest_route=%2Fwp%2Fv2%2Fcategories&post=331"},{"taxonomy":"post_tag","embeddable":true,"href":"https:\/\/www.xn--zgr-meydan-dcb8e.com\/index.php?rest_route=%2Fwp%2Fv2%2Ftags&post=331"}],"curies":[{"name":"wp","href":"https:\/\/api.w.org\/{rel}","templated":true}]}}