{"id":43,"date":"2017-02-08T03:28:09","date_gmt":"2017-02-08T00:28:09","guid":{"rendered":"http:\/\/www.xn--zgr-meydan-dcb8e.com\/?p=43"},"modified":"2017-09-06T20:01:02","modified_gmt":"2017-09-06T17:01:02","slug":"43","status":"publish","type":"post","link":"https:\/\/www.xn--zgr-meydan-dcb8e.com\/?p=43","title":{"rendered":"Erke\u011fin kabas\u0131, kad\u0131n\u0131n babas\u0131&#8230;"},"content":{"rendered":"<p lang=\"tr-TR\">\n\t<a href=\"http:\/\/www.xn--zgr-meydan-dcb8e.com\/?p=43\"><img fetchpriority=\"high\" decoding=\"async\" alt=\"\" class=\"alignleft size-full wp-image-491\" height=\"250\" src=\"http:\/\/www.xn--zgr-meydan-dcb8e.com\/wp-content\/uploads\/2017\/02\/erkegin-kabasi.png\" width=\"700\" srcset=\"https:\/\/www.\u00f6zg\u00fcr-meydan.com\/wp-content\/uploads\/2017\/02\/erkegin-kabasi.png 700w, https:\/\/www.\u00f6zg\u00fcr-meydan.com\/wp-content\/uploads\/2017\/02\/erkegin-kabasi-300x107.png 300w\" sizes=\"(max-width: 700px) 100vw, 700px\" \/><\/a>\n<\/p>\n<p lang=\"tr-TR\">\n\t<span style=\"font-size: 18px;\"><span style=\"font-family: times new roman,times,serif;\"><span style=\"color: #000000;\">Kimi mutlak de\u011ferler vard\u0131r, de\u011ferin &ouml;zg&uuml;n yap\u0131s\u0131na g&ouml;re, mutlakl\u0131\u011f\u0131n de\u011fer &ouml;l&ccedil;&uuml;t&uuml; bir kez dokuz olmu\u015fsa <i><b>(asla ve asla) <\/b><\/i> inmez sekize! <\/span><\/span><\/span>\n<\/p>\n<p lang=\"tr-TR\">\n\t<span style=\"font-size: 18px;\"><span style=\"font-family: times new roman,times,serif;\"><span style=\"color: #000000;\">Kaba bir ifade tarz\u0131 gibi g&ouml;z&uuml;kse de, zurna ile &ouml;zde\u015fle\u015fmi\u015f bir &ouml;z deyi\u015fimiz vard\u0131r <i><b>&#39;zurnan\u0131n z\u0131rt dedi\u011fi delik&#39;<\/b><\/i> ile ilgilidir. Zurna n\u0131n z\u0131rt dedi\u011fi delik tam da konumuzun ba\u015fl\u0131\u011f\u0131yla ilintili. <\/span><\/span><\/span>\n<\/p>\n<p lang=\"tr-TR\">\n\t<span style=\"font-size: 18px;\"><span style=\"font-family: times new roman,times,serif;\"><span style=\"color: #000000;\">Kimi erkekler kimi kad\u0131nlara g&ouml;re kabad\u0131r. Kad\u0131nlar &ouml;yle diyorsa &ouml;yledir lakin inceden ufak bir itiraz\u0131m\u0131z olacak ilerleyen sat\u0131r aral\u0131\u011f\u0131m\u0131zda. Hatta kimi kad\u0131nlarca s\u0131k s\u0131k dile getirilen bir olgu ise; erkeklerin bir&ccedil;o\u011fu cinsiyet&ccedil;idir, kad\u0131n\u0131 seks arac\u0131 g&ouml;rmesi vs. gibi, ithamlara varan bir dizi arg&uuml;manlar\u0131 i\u015fitmemiz m&uuml;mk&uuml;n.<\/span><\/span><\/span>\n<\/p>\n<p lang=\"tr-TR\">\n\t<span style=\"font-size: 18px;\"><span style=\"font-family: times new roman,times,serif;\"><span style=\"color: #000000;\">Erkeklerde bu t&uuml;rden zihniyetlerin de\u011fi\u015fmesi i&ccedil;in, &ouml;nce kad\u0131nlar\u0131n de\u011fi\u015fmesi gerekiyor. Kad\u0131n kendini de\u011fi\u015ftiremiyorsa, anlad\u0131\u011f\u0131 anlamda o k&uuml;lt&uuml;rel olgunlu\u011fa evrilemiyorsa, toplumdan hayal etti\u011fi beklentilerini d&uuml;nyan\u0131n sonunu i\u015faret eden, &lsquo;<i><b>k\u0131yamete kadar&rsquo; <\/b><\/i>teriminin anlam\u0131 gibi m&uuml;zminle\u015fmede iflah olmaz bu beklentilerini &lsquo;<i><b>k\u0131yamete kadar&rsquo; <\/b><\/i>hep s&uuml;rd&uuml;recekleri de ayr\u0131 bir ger&ccedil;ekliktir.<\/span><\/span><\/span>\n<\/p>\n<p lang=\"tr-TR\">\n\t<span style=\"font-size: 18px;\"><span style=\"font-family: times new roman,times,serif;\"><span style=\"color: #000000;\">Mesela eskiden kafas\u0131 &ccedil;al\u0131\u015fmayan sosyalistler vard\u0131, yetkin olmad\u0131klar\u0131 teoride s\u0131k\u0131\u015ft\u0131klar\u0131 her konuyu devrime havale ederlerdi, &ccedil;ocuk kand\u0131r\u0131yorlarm\u0131\u015f gibi devrimin &ccedil;&ouml;zece\u011fini iddia ederlerdi. \u0130&ccedil;imizde var olan sorgulamay\u0131 bilemeyen saflamalar\u0131m\u0131zda bunu ciddi bir referans olarak alg\u0131lard\u0131. Bu sorunun &lsquo;<i><b>havale y&ouml;ntemiyle&rsquo; <\/b><\/i>devrimle &ccedil;&ouml;z&uuml;lece\u011fine inan\u0131rlard\u0131. Ayn\u0131 zamanda buna inanan bir o kadarda kad\u0131n vard\u0131.<\/span><\/span><\/span>\n<\/p>\n<p lang=\"tr-TR\">\n\t<span style=\"font-size: 18px;\"><span style=\"font-family: times new roman,times,serif;\"><span style=\"color: #000000;\">Hala bu t&uuml;rden saflamalar var m\u0131 bilmiyorum ama ge&ccedil;mi\u015fte varlard\u0131. <\/span><\/span><\/span>\n<\/p>\n<p lang=\"tr-TR\">\n\t<span style=\"font-size: 18px;\"><span style=\"font-family: times new roman,times,serif;\"><span style=\"color: #000000;\">Kendini \u015eef sanan kas\u0131nt\u0131lara buradan bir ev &ouml;devi vereyim. Hatta bu konuda kafalar\u0131n\u0131 &ccedil;al\u0131\u015ft\u0131rmay\u0131 deneyip kendilerini bu tarzda bilin&ccedil;lendirecek \u015fekilde kitap okumalar\u0131n\u0131 &ouml;nereyim&hellip; Kad\u0131n sorunu devrim sorunu de\u011fil tam tersine kad\u0131n sorunu erkek sorunu da de\u011fildir. Kad\u0131n sorununun anahtar\u0131 yine kad\u0131nlar\u0131n kendisindedir. De\u011fi\u015femeyen kad\u0131nlar erkeklerin de\u011fi\u015fmesini, erkeklerin e\u011fitilmesini beklerler. Kimden beklerler? Tabii ki erke\u011fin kendisinden. <\/span><\/span><\/span>\n<\/p>\n<p lang=\"tr-TR\">\n\t<span style=\"font-size: 18px;\"><span style=\"font-family: times new roman,times,serif;\"><span style=\"color: #000000;\">Kendisinin ne kadar de\u011fi\u015fti\u011fini bilemeyecek d&uuml;zeyde olan kad\u0131n bilinci &lsquo;<i><b>kaba saba&rsquo; <\/b><\/i>g&ouml;rd&uuml;\u011f&uuml; erkekten bir ad\u0131m &ouml;nde oldu\u011funu san\u0131r. Asl\u0131nda &lsquo;<i><b>kaba saba&rsquo; <\/b><\/i>g&ouml;rd&uuml;\u011f&uuml; erkekten kendini bir ad\u0131m &ouml;nde sanmakla bu can s\u0131k\u0131c\u0131 stat&uuml;koyu destekler.<\/span><\/span><\/span>\n<\/p>\n<p lang=\"tr-TR\">\n\t<span style=\"font-size: 18px;\"><span style=\"font-family: times new roman,times,serif;\"><span style=\"color: #000000;\">Bana g&ouml;re bu konu doktora tezim olabilecek niteliktedir.<\/span><\/span><\/span>\n<\/p>\n<p lang=\"tr-TR\">\n\t<span style=\"font-size: 18px;\"><span style=\"font-family: times new roman,times,serif;\"><span style=\"color: #000000;\">Konuyu da\u011f\u0131tmadan hemen sormak gerekir, e\u011fitilmesi istenilen erkekleri kimin yeti\u015ftirdi\u011fi sorusunun adresi yine kad\u0131na dayan\u0131r.<\/span><\/span><\/span>\n<\/p>\n<p lang=\"tr-TR\">\n\t<span style=\"font-size: 18px;\"><span style=\"font-family: times new roman,times,serif;\"><span style=\"color: #000000;\">Kad\u0131nlar kendi de\u011fi\u015fiminde nal toplarken anaerkilden ataerkilli\u011fe ge&ccedil;i\u015f &ouml;yle bilinen k&ouml;lelik ticaretiyle hi&ccedil; olmam\u0131\u015ft\u0131r. Kad\u0131n\u0131n erk olan s&uuml;reci diye tan\u0131mlad\u0131\u011f\u0131m\u0131z anaerkillikten ataerkilli\u011fe ge&ccedil;i\u015f hi&ccedil; de k\u0131l\u0131&ccedil; kalkanla eril hegomanyas\u0131 sa\u011flanmam\u0131\u015ft\u0131r.<\/span><\/span><\/span>\n<\/p>\n<p lang=\"tr-TR\">\n\t<span style=\"font-size: 18px;\"><span style=\"font-family: times new roman,times,serif;\"><span style=\"color: #000000;\">Bu sorun bilincin gerilemesi ve k&ouml;relmesiyle ilintilidir.<\/span><\/span><\/span>\n<\/p>\n<p lang=\"tr-TR\">\n\t<span style=\"font-size: 18px;\"><span style=\"font-family: times new roman,times,serif;\"><span style=\"color: #000000;\">Bilincin olgunla\u015fmas\u0131 gerilemesi toplumsal i\u015f b&ouml;l&uuml;m&uuml;yle ilgilidir.<\/span><\/span><\/span>\n<\/p>\n<p lang=\"tr-TR\">\n\t<span style=\"font-size: 18px;\"><span style=\"font-family: times new roman,times,serif;\"><span style=\"color: #000000;\">Bahsi ge&ccedil;en olgunluk insan malzemesinin geldi\u011fi bilin&ccedil;tir. Geli\u015fen bilin&ccedil; &uuml;retimin &ouml;n&uuml;nde oldu\u011fu s&uuml;rece gelece\u011fe ili\u015fkin toplumsal denetim ciddi olumlu geli\u015fmeleri ortaya &ccedil;\u0131karacakt\u0131r. \u0130nsanl\u0131\u011f\u0131n geli\u015fimi o olgunlu\u011fa gelmemi\u015fse bilin ki &uuml;retim ara&ccedil;lar\u0131n &ccedil;ok gerisinde belirli bir seyir defterini d&uuml;zenliyor demektir. Mesela bu konuda sopal\u0131 devrimde yapsan\u0131z devriminiz y\u0131k\u0131l\u0131r sopan\u0131z elinizde kal\u0131r. Bu demektir ki ba\u015far\u0131 ve geli\u015fim d\u0131\u015f etkende de\u011fil i&ccedil; dinamizmdedir. D\u0131\u015f dinamizm etkili olsayd\u0131 \u015fimdiye kadar ya\u015fanan devrimlerde kad\u0131n sorunu da &ccedil;oktan &ccedil;&ouml;z&uuml;lm&uuml;\u015f olurdu. \u0130&ccedil; dinamizm &ouml;nemliyse Kimi kad\u0131nlar yat\u0131p kalk\u0131p i&ccedil;eri\u011fi bo\u015f bir feminizmden bahsetmesi bana g&ouml;re realite de\u011fildir.<\/span><\/span><\/span>\n<\/p>\n<p>\n\t<span style=\"font-size: 18px;\"><span style=\"font-family: times new roman,times,serif;\"><span style=\"color: #000000;\">Eskiden feminist kad\u0131nlar\u0131n bir erkek olarak haklar\u0131n\u0131 savunurdum. G&ouml;rd&uuml;m ki kad\u0131nlar varken &ccedil;o\u011funlu\u011fu da halinden memnun iken bana ne oluyor? <i><b>(Halinden memnun derken s&ouml;ylemi mi a&ccedil;aca\u011f\u0131m elbette.) <\/b><\/i>Bir erke\u011fin feminizmin ana ruhunu savunmas\u0131 demek feminizmin bast\u0131r\u0131lm\u0131\u015f bilin&ccedil; alt\u0131yla gizlemeye &ccedil;al\u0131\u015ft\u0131\u011f\u0131 ana de\u011firmene su ta\u015f\u0131maktan ba\u015fka ne olabilirdi ki? Feminizmin ba\u015far\u0131s\u0131z hipotezinin temel arg&uuml;man\u0131 nesnel duru\u015funun alt\u0131nda gizledi\u011fi tarihsel s&uuml;recidir. G&ouml;be\u011fini ka\u015f\u0131yan erkek t&uuml;r&uuml; de feminizmin ba\u015far\u0131s\u0131z hipotezinin &uuml;r&uuml;n&uuml;d&uuml;r.<\/span><\/span><\/span>\n<\/p>\n<p lang=\"tr-TR\">\n\t<span style=\"font-size: 18px;\"><span style=\"font-family: times new roman,times,serif;\"><span style=\"color: #000000;\">Hak verilmez al\u0131n\u0131r ilkesini benimseyen kad\u0131nlar ona g&ouml;re de &ouml;rg&uuml;tlenmek zorundad\u0131r. Feminizmin ad\u0131n\u0131 kullanarak feminist olundu\u011funu ben T&uuml;rkiye de g&ouml;rd&uuml;m dersem eksik olmayacakt\u0131r. Evet, s\u0131n\u0131fa dayanmayan s\u0131n\u0131fsal bir yan\u0131 olmayan cinsiyet&ccedil;ili\u011fin olsa olsa ba\u015far\u0131 \u015fans\u0131 ancak bu kadar olur. <\/span><\/span><\/span>\n<\/p>\n<p lang=\"tr-TR\">\n\t<span style=\"font-size: 18px;\"><span style=\"font-family: times new roman,times,serif;\"><span style=\"color: #000000;\">Ama s\u0131n\u0131fsal yan\u0131yla hareket eden bir &ouml;rg&uuml;tlenmeye tabii ki farkl\u0131 bakar\u0131m, &ouml;nemserim. Ama her \u015feyin anahtar\u0131n\u0131 getirip s\u0131n\u0131fa indirgeme gibi bir yanl\u0131\u015f\u0131n boyutunu da bilirim. Bu daha &ccedil;ok sorunlar\u0131 devrime havale etmenin &ouml;zg&uuml;nl&uuml;\u011f&uuml;nden soyut de\u011fildir. Bu noktada bir birinden yal\u0131t\u0131lm\u0131\u015f cinsiyet&ccedil;ilik yok, tam tersine kendi s\u0131n\u0131f\u0131yla i&ccedil;selle\u015fmi\u015f bir kad\u0131n sorunu vard\u0131r. <\/span><\/span><\/span>\n<\/p>\n<p>\n\t<span style=\"font-size: 18px;\"><span style=\"font-family: times new roman,times,serif;\"><span style=\"color: #000000;\">T&uuml;rkiyeli Feministlerin papa\u011fan gibi ezberledikleri tek bir kelime vard\u0131r o da &lsquo;<i><b>egemen erkek ideolojisi\/ egemen erkek d&uuml;zeni &lsquo;<\/b><\/i> bu kavram\u0131n d\u0131\u015f\u0131nda bir arg&uuml;manlar\u0131 yoktur. Kimi kafas\u0131 &ccedil;al\u0131\u015fmayan feministlere g&ouml;re &lsquo;<i><b>kad\u0131nlar, devrimci olmadan ilk &ouml;nce feminist olmal\u0131d\u0131r&rsquo; <\/b><\/i>diyebilmektedirler. Feminizmi Hz. Musa&rsquo;n\u0131n asas\u0131 sanan protein yoksunu kad\u0131nlar, bulduklar\u0131 t\u0131ls\u0131ml\u0131 asa ile <i><b>(feminizm)<\/b><\/i> kad\u0131n sorununun &ccedil;&ouml;z&uuml;m&uuml;nde olmazsa olmaz olarak alg\u0131larlar. \u0130\u015fte bu y&uuml;zdendir ki; <i><b>&#39;t\u0131ls\u0131ml\u0131 asa&#39;<\/b><\/i>y\u0131 feminizmde bulduklar\u0131n\u0131 san\u0131rlar. <\/span><\/span><\/span>\n<\/p>\n<p>\n\t<span style=\"font-size: 18px;\"><span style=\"font-family: times new roman,times,serif;\"><span style=\"color: #000000;\">tabii ki bu i\u015fin ka&ccedil;amak yoludur ayn\u0131 zamanda tarihsel a&ccedil;\u0131dan ba\u015far\u0131s\u0131zl\u0131\u011f\u0131 gizleme metodolojisidir. K&uuml;lt&uuml;rel olarak yozla\u015fm\u0131\u015f kad\u0131n gelecek nesillere ne verebilir? Elbette g&ouml;be\u011fini ka\u015f\u0131yan erkek tipinden ba\u015fka bir \u015fey veremez veremeyecektir de. Sorunun &ouml;z&uuml;n&uuml; g&ouml;rmek istemeyen feminizm, s&ouml;z&uuml;m&uuml;z ona kaba erke\u011fe kar\u015f\u0131d\u0131r. Kar\u015f\u0131 olmakla realitenin de\u011fi\u015fmeyece\u011fi toplumsal i\u015fleyi\u015flerde bilin&ccedil;siz kad\u0131n\u0131n spesifik duru\u015fu, cahiliye devrini y\u0131kt\u0131\u011f\u0131n\u0131 ilan ederken <i><b>put &#39;culu\u011fa <\/b><\/i>kar\u015f\u0131 semavi mistizmle &ouml;zenmi\u015f realitede geometrik put&ccedil;ulu\u011fu i&ccedil;selle\u015ftiren bir dinin dinsel rit&uuml;elleriyle b&uuml;t&uuml;nle\u015fip din&#39;in &ouml;znel cahilli\u011finde hayat bulan s&ouml;zde laik &ouml;zde <i><b>&#39;Geometrik Put&#39;<\/b><\/i>cu olan, bir dinin &ouml;\u011fretisinden \/y&ouml;netiminden soyut de\u011fildir. <\/span><\/span><\/span>\n<\/p>\n<p>\n\t<span style=\"font-size: 18px;\"><span style=\"font-family: times new roman,times,serif;\"><span style=\"color: #000000;\">Semavi mistizm ile i&ccedil;selle\u015ftirilen, geometrik put&ccedil;uluk &ouml;\u011fretisinde hayat bulan kad\u0131n\u0131n ad\u0131, vaat edilen <i><b>&#39;yalanc\u0131<\/b><\/i> <i><b>Cennet&#39;<\/b><\/i> u\u011fruna, erke\u011fe biat ettirilirken, gerekti\u011finde ta\u015flanarak vah\u015fice &ouml;ld&uuml;r&uuml;l&uuml;rken feminizm &ouml;zg&uuml;n duru\u015fu sa\u011f\u0131rl\u0131k olmu\u015ftur. Semavi mistisizm in tarihsel sahnesinde kad\u0131n\u0131n cinselli\u011fi kendi tarihinde hi&ccedil; olmad\u0131\u011f\u0131 kadar fazlas\u0131yla istismar edilmi\u015ftir. Kad\u0131n\u0131n yeri Semavi mistisizmin ard\u0131llar\u0131na kar\u015f\u0131 feminizm, pratik olarak bir arg&uuml;man geli\u015ftiremezken adeta onunla bar\u0131\u015f\u0131k ya\u015famay\u0131 ye\u011flemi\u015ftir<\/span><\/span><\/span>\n<\/p>\n<p lang=\"tr-TR\">\n\t<span style=\"font-size: 18px;\"><span style=\"font-family: times new roman,times,serif;\"><span style=\"color: #000000;\">Oysa ki feminizmden &ouml;nce kad\u0131nlar devrimci bile olsalar, hi&ccedil; bir zaman kad\u0131n sorununu, yapacaklar\u0131 devrime havale etmezlerdi. Devrimci olmadan feminist olan kad\u0131nlar yeti\u015ftirdikleri erkek &ccedil;ocuklar\u0131 incelendi\u011finde kaba saba, cinsiyet&ccedil;i, hatta kad\u0131nlara bak\u0131\u015f a&ccedil;\u0131s\u0131 tamda kad\u0131nlar\u0131n sevmedi\u011fi tipten olmalar\u0131ndaki bu tesad&uuml;f&uuml; biz neye ba\u011flamal\u0131y\u0131z?<\/span><\/span><\/span>\n<\/p>\n<p>\n\t<span style=\"font-size: 18px;\"><span style=\"font-family: times new roman,times,serif;\"><span style=\"color: #000000;\">G&ouml;r&uuml;yoruz ki sar\u0131ld\u0131klar\u0131 &lsquo;<i><b>egemen erkek ideolojisi&rsquo; <\/b><\/i>arg&uuml;man\u0131n\u0131 <u><b>kad\u0131nlarla birlikte ters kaplumba\u011fa yapt\u0131\u011f\u0131m\u0131zda<\/b><\/u> egemen erkek d&uuml;zenini olu\u015fturan erkekleri de do\u011furan e\u011fitimini veren yine kad\u0131nlar oldu\u011funu g&ouml;rece\u011fiz.<\/span><\/span><\/span>\n<\/p>\n<p lang=\"tr-TR\">\n\t<span style=\"font-size: 18px;\"><span style=\"font-family: times new roman,times,serif;\"><span style=\"color: #000000;\">\u015eimdi bu paradoksal l\u0131\u011f\u0131 bay ve bayan feministlerimiz nas\u0131l a&ccedil;\u0131klayacak haliyle merak\u0131m s&ouml;z konusu. Her kad\u0131n kendi k\u0131z\u0131n\u0131 ve o\u011flunu bilin&ccedil;lendirirse s&ouml;z&uuml; edilen egemen erkek d&uuml;zeni &ccedil;oktan &ccedil;at\u0131rdam\u0131\u015f oldu\u011fu gibi, biz de &ccedil;oktan, mutlu bir \u015fekilde, anaerkil d&uuml;zende ya\u015f\u0131yor olacakt\u0131k.<\/span><\/span><\/span>\n<\/p>\n<p lang=\"tr-TR\">\n\t<span style=\"font-size: 18px;\"><span style=\"font-family: times new roman,times,serif;\"><span style=\"color: #000000;\">Erke\u011fi kaba sapa bulan bir bayan\u0131n tutarl\u0131 yan\u0131 yoktur. Erke\u011fi kad\u0131n&#39;a kar\u015f\u0131 kaba yapan &ouml;zellikler unutulmamal\u0131d\u0131r ki <i><b>mevcut &ouml;zg&uuml;nl&uuml;\u011f&uuml;n milad\u0131nda<\/b><\/i> kad\u0131ndan devir al\u0131nan ve hi&ccedil; bir zaman fark\u0131na varamayacaklar\u0131 bir t&uuml;rl&uuml; de fark\u0131na varamad\u0131klar\u0131 kad\u0131n ruhu gizlidir. Kaba erke\u011fi sadece kaba bir baba yeti\u015ftirmemi\u015ftir, kendine ve sorunlar\u0131na yetemeyen bir annenin yan\u0131 s\u0131ra, erke\u011fin kad\u0131n\u0131 ezme konusunda ciddi bir emek sarf eden yine kad\u0131n\u0131n kendisini buluruz. <\/span><\/span><\/span>\n<\/p>\n<p lang=\"tr-TR\">\n\t<span style=\"font-size: 18px;\"><span style=\"font-family: times new roman,times,serif;\"><span style=\"color: #000000;\">Erke\u011fi cinsiyet&ccedil;i olarak de\u011ferlendiren feministli\u011fe irdeledi\u011fimizde; bu de\u011ferlendirmenin &ouml;z&uuml;, yine kad\u0131n ruhunun bile\u015fkesinde gizlendi\u011fi a&ccedil;\u0131\u011fa &ccedil;\u0131kart\u0131lmaktad\u0131r. Erke\u011fi do\u011furup e\u011fiten kad\u0131nsa, tam da bu nokta da feminizm kendi bilin&ccedil; alt\u0131n\u0131n enzimlerinde yatan realiteyi &ccedil;arp\u0131tmakla &uuml;nl&uuml;d&uuml;r. Feminizmin makus tarihine g&ouml;z att\u0131\u011f\u0131m\u0131zda bu &ouml;zelli\u011fi irdeleyen derinlemesine ara\u015ft\u0131ran bir &ouml;zelli\u011fe asla rastlayamay\u0131z. <\/span><\/span><\/span>\n<\/p>\n<p lang=\"tr-TR\">\n\t<span style=\"font-size: 18px;\"><span style=\"font-family: times new roman,times,serif;\"><span style=\"color: #000000;\">Feminizmin asal ruhu varsa yoksa kendi yeti\u015ftirdi\u011fi erke\u011fi yok sayarak <i><b>uzaydan gelmi\u015f bu erkeklere<\/b><\/i> d&uuml;\u015fmanl\u0131k beslemek gibi &ouml;zg&uuml;n bir duru\u015f sergilerler. As\u0131l sorunun sorumlusu, bire bir kendileri olacak kadar, reel olan bu ger&ccedil;e\u011fi &ccedil;arp\u0131tarak hedef \u015fa\u015f\u0131rt\u0131rlar. Feminizmin kendi tarihsel mast&uuml;rbasyonu ne kadar ba\u015far\u0131l\u0131 olup olmad\u0131\u011f\u0131 ortada. Kendi realitelerini yads\u0131yan inkar eden feminizm tarihsel sahnede do\u011furdu\u011fu erke\u011fe d&uuml;\u015fman olmakla mimlidir.<\/span><\/span><\/span>\n<\/p>\n<p lang=\"tr-TR\">\n\t<span style=\"font-size: 18px;\"><span style=\"font-family: times new roman,times,serif;\"><span style=\"color: #000000;\">Y&uuml;zy\u0131l\u0131m\u0131zda erke\u011fin donan\u0131m kapasitesi feminizmin aynas\u0131d\u0131r. Bu ayn\u0131 zamanda feminizmin i&ccedil;inde bulundu\u011fu donan\u0131md\u0131r. Kad\u0131nlar\u0131 salt kendi do\u011furdu\u011fu erke\u011fe d&uuml;\u015fmanl\u0131k baz\u0131nda &ouml;rg&uuml;tlemeye kalkan kendi hemcinsi olan gelece\u011fin kad\u0131n\u0131 gelece\u011fin anne aday\u0131 olan k\u0131z &ccedil;ocuklar\u0131n\u0131 da e\u011fitememi\u015ftir. Bu ba\u015far\u0131s\u0131z hipotezini erkek d&uuml;\u015fmanl\u0131\u011f\u0131yla kapatmaya kalksa da yer y&uuml;z&uuml; &ouml;l&ccedil;e\u011finde milyarlar\u0131 bulan kad\u0131n n&uuml;fusu feminizmin kendilerince gizlemeye &ccedil;al\u0131\u015ft\u0131klar\u0131 asal paradoksall\u0131\u011f\u0131ndan uzak durmay\u0131 ye\u011flemi\u015ftir.<\/span><\/span><\/span>\n<\/p>\n<p lang=\"tr-TR\">\n\t<span style=\"font-size: 18px;\"><span style=\"font-family: times new roman,times,serif;\"><span style=\"color: #000000;\">Feminizmin realiteyi gizleyen <i><u><b>akrasif bir bilin&ccedil; alt\u0131<\/b><\/u><\/i>, tarih sahnesinde vasat bir g&ouml;m&uuml;t olurken ya\u015fam i&ccedil;inde kad\u0131n\u0131n var olma hali sa\u011fl\u0131kl\u0131 bir ku\u015fa\u011f\u0131n donan\u0131m hali gibi a\u011f\u0131r bir g&ouml;revi &ouml;n&uuml;ne hedef koyamad\u0131\u011f\u0131 s&uuml;rece, erke\u011fin kabal\u0131\u011f\u0131ndan dem vururken, bu gidi\u015fata g&ouml;re daha &ccedil;ok yak\u0131naca\u011fa benziyor. Burada temel al\u0131nmas\u0131 gereken anahtar, kendini ne kadar de\u011fi\u015fmi\u015fli\u011fiyle ilgili oldu\u011fu kadar de\u011fi\u015ftirdi\u011fiyle de ilintilidir. <\/span><\/span><\/span>\n<\/p>\n<p lang=\"tr-TR\">\n\t<span style=\"font-size: 18px;\"><span style=\"font-family: times new roman,times,serif;\"><span style=\"color: #000000;\">Kendini de\u011fi\u015ftiremeyen her bayan toplum i&ccedil;in yeti\u015ftirdi\u011fi her erke\u011fin bir annesi oldu\u011funu d&uuml;\u015f&uuml;n&uuml;rsek, kaba saba erke\u011fi, cinsiyet&ccedil;i erke\u011fi, kad\u0131n\u0131 meta olarak g&ouml;ren erke\u011fin arkas\u0131nda yine kad\u0131n\u0131 aramak m&uuml;mk&uuml;nd&uuml;r.<\/span><\/span><\/span>\n<\/p>\n<p lang=\"tr-TR\">\n\t<span style=\"font-size: 18px;\"><span style=\"font-family: times new roman,times,serif;\"><span style=\"color: #000000;\">Diyalektik yasa bu t&uuml;rden zihniyet sahibi kad\u0131nlara derki her \u015fey bir birine ba\u011fl\u0131d\u0131r. Di\u011fer bir deyi\u015fle, erkekten istedi\u011fin &ouml;zellikler, zaman\u0131n da yeti\u015ftirdi\u011fin erke\u011fe verdi\u011fin <i><b>donan\u0131mdan <\/b><\/i>kat be kat fazlad\u0131r. Diyalektik yasa i\u015fte bu y&uuml;zden realitedir!<\/span><\/span><\/span>\n<\/p>\n<p lang=\"tr-TR\">\n\t<span style=\"font-size: 18px;\"><span style=\"font-family: times new roman,times,serif;\"><span style=\"color: #000000;\">Ali Galip Say\u0131lgan<\/span><\/span><\/span>\n<\/p>\n<p>\n\t&nbsp;<\/p>\n","protected":false},"excerpt":{"rendered":"<p>Kimi mutlak de\u011ferler vard\u0131r, de\u011ferin &ouml;zg&uuml;n yap\u0131s\u0131na g&ouml;re, mutlakl\u0131\u011f\u0131n de\u011fer &ouml;l&ccedil;&uuml;t&uuml; bir kez dokuz olmu\u015fsa (asla ve asla) inmez sekize! Kaba bir ifade tarz\u0131 gibi g&ouml;z&uuml;kse de, zurna ile &ouml;zde\u015fle\u015fmi\u015f bir &ouml;z deyi\u015fimiz vard\u0131r &#39;zurnan\u0131n z\u0131rt dedi\u011fi delik&#39; ile ilgilidir.<\/p>\n","protected":false},"author":1,"featured_media":0,"comment_status":"closed","ping_status":"open","sticky":false,"template":"","format":"image","meta":{"footnotes":""},"categories":[1],"tags":[],"class_list":["post-43","post","type-post","status-publish","format-image","hentry","category-genel","post_format-post-format-image"],"yoast_head":"<!-- This site is optimized with the Yoast SEO plugin v27.4 - https:\/\/yoast.com\/product\/yoast-seo-wordpress\/ -->\n<title>Erke\u011fin kabas\u0131, kad\u0131n\u0131n babas\u0131... - \u00d6zg\u00fcr-Meydan<\/title>\n<meta name=\"robots\" content=\"index, follow, max-snippet:-1, max-image-preview:large, max-video-preview:-1\" \/>\n<link rel=\"canonical\" href=\"https:\/\/www.xn--zgr-meydan-dcb8e.com\/?p=43\" \/>\n<meta property=\"og:locale\" content=\"tr_TR\" \/>\n<meta property=\"og:type\" content=\"article\" \/>\n<meta property=\"og:title\" content=\"Erke\u011fin kabas\u0131, kad\u0131n\u0131n babas\u0131... - \u00d6zg\u00fcr-Meydan\" \/>\n<meta property=\"og:description\" content=\"Kimi mutlak de\u011ferler vard\u0131r, de\u011ferin &ouml;zg&uuml;n yap\u0131s\u0131na g&ouml;re, mutlakl\u0131\u011f\u0131n de\u011fer &ouml;l&ccedil;&uuml;t&uuml; bir kez dokuz olmu\u015fsa (asla ve asla) inmez sekize! Kaba bir ifade tarz\u0131 gibi g&ouml;z&uuml;kse de, zurna ile &ouml;zde\u015fle\u015fmi\u015f bir &ouml;z deyi\u015fimiz vard\u0131r &#039;zurnan\u0131n z\u0131rt dedi\u011fi delik&#039; ile ilgilidir.\" \/>\n<meta property=\"og:url\" content=\"https:\/\/www.xn--zgr-meydan-dcb8e.com\/?p=43\" \/>\n<meta property=\"og:site_name\" content=\"\u00d6zg\u00fcr-Meydan\" \/>\n<meta property=\"article:published_time\" content=\"2017-02-08T00:28:09+00:00\" \/>\n<meta property=\"article:modified_time\" content=\"2017-09-06T17:01:02+00:00\" \/>\n<meta property=\"og:image\" content=\"https:\/\/www.\u00f6zg\u00fcr-meydan.com\/wp-content\/uploads\/2017\/02\/erkegin-kabasi.png\" \/>\n\t<meta property=\"og:image:width\" content=\"700\" \/>\n\t<meta property=\"og:image:height\" content=\"250\" \/>\n\t<meta property=\"og:image:type\" content=\"image\/png\" \/>\n<meta name=\"author\" content=\"Ali Galip Sayilgan\" \/>\n<meta name=\"twitter:card\" content=\"summary_large_image\" \/>\n<meta name=\"twitter:label1\" content=\"Yazan:\" \/>\n\t<meta name=\"twitter:data1\" content=\"Ali Galip Sayilgan\" \/>\n\t<meta name=\"twitter:label2\" content=\"Tahmini okuma s\u00fcresi\" \/>\n\t<meta name=\"twitter:data2\" content=\"11 dakika\" \/>\n<script type=\"application\/ld+json\" class=\"yoast-schema-graph\">{\"@context\":\"https:\\\/\\\/schema.org\",\"@graph\":[{\"@type\":\"Article\",\"@id\":\"https:\\\/\\\/www.xn--zgr-meydan-dcb8e.com\\\/?p=43#article\",\"isPartOf\":{\"@id\":\"https:\\\/\\\/www.xn--zgr-meydan-dcb8e.com\\\/?p=43\"},\"author\":{\"name\":\"Ali Galip Sayilgan\",\"@id\":\"https:\\\/\\\/www.xn--zgr-meydan-dcb8e.com\\\/#\\\/schema\\\/person\\\/38e43bd12d45bc50f43455b037132cd0\"},\"headline\":\"Erke\u011fin kabas\u0131, kad\u0131n\u0131n babas\u0131&#8230;\",\"datePublished\":\"2017-02-08T00:28:09+00:00\",\"dateModified\":\"2017-09-06T17:01:02+00:00\",\"mainEntityOfPage\":{\"@id\":\"https:\\\/\\\/www.xn--zgr-meydan-dcb8e.com\\\/?p=43\"},\"wordCount\":2176,\"image\":{\"@id\":\"https:\\\/\\\/www.xn--zgr-meydan-dcb8e.com\\\/?p=43#primaryimage\"},\"thumbnailUrl\":\"http:\\\/\\\/www.xn--zgr-meydan-dcb8e.com\\\/wp-content\\\/uploads\\\/2017\\\/02\\\/erkegin-kabasi.png\",\"articleSection\":[\"GENEL\"],\"inLanguage\":\"tr\"},{\"@type\":\"WebPage\",\"@id\":\"https:\\\/\\\/www.xn--zgr-meydan-dcb8e.com\\\/?p=43\",\"url\":\"https:\\\/\\\/www.xn--zgr-meydan-dcb8e.com\\\/?p=43\",\"name\":\"Erke\u011fin kabas\u0131, kad\u0131n\u0131n babas\u0131... - \u00d6zg\u00fcr-Meydan\",\"isPartOf\":{\"@id\":\"https:\\\/\\\/www.xn--zgr-meydan-dcb8e.com\\\/#website\"},\"primaryImageOfPage\":{\"@id\":\"https:\\\/\\\/www.xn--zgr-meydan-dcb8e.com\\\/?p=43#primaryimage\"},\"image\":{\"@id\":\"https:\\\/\\\/www.xn--zgr-meydan-dcb8e.com\\\/?p=43#primaryimage\"},\"thumbnailUrl\":\"http:\\\/\\\/www.xn--zgr-meydan-dcb8e.com\\\/wp-content\\\/uploads\\\/2017\\\/02\\\/erkegin-kabasi.png\",\"datePublished\":\"2017-02-08T00:28:09+00:00\",\"dateModified\":\"2017-09-06T17:01:02+00:00\",\"author\":{\"@id\":\"https:\\\/\\\/www.xn--zgr-meydan-dcb8e.com\\\/#\\\/schema\\\/person\\\/38e43bd12d45bc50f43455b037132cd0\"},\"breadcrumb\":{\"@id\":\"https:\\\/\\\/www.xn--zgr-meydan-dcb8e.com\\\/?p=43#breadcrumb\"},\"inLanguage\":\"tr\",\"potentialAction\":[{\"@type\":\"ReadAction\",\"target\":[\"https:\\\/\\\/www.xn--zgr-meydan-dcb8e.com\\\/?p=43\"]}]},{\"@type\":\"ImageObject\",\"inLanguage\":\"tr\",\"@id\":\"https:\\\/\\\/www.xn--zgr-meydan-dcb8e.com\\\/?p=43#primaryimage\",\"url\":\"https:\\\/\\\/www.\u00f6zg\u00fcr-meydan.com\\\/wp-content\\\/uploads\\\/2017\\\/02\\\/erkegin-kabasi.png\",\"contentUrl\":\"https:\\\/\\\/www.\u00f6zg\u00fcr-meydan.com\\\/wp-content\\\/uploads\\\/2017\\\/02\\\/erkegin-kabasi.png\",\"width\":700,\"height\":250},{\"@type\":\"BreadcrumbList\",\"@id\":\"https:\\\/\\\/www.xn--zgr-meydan-dcb8e.com\\\/?p=43#breadcrumb\",\"itemListElement\":[{\"@type\":\"ListItem\",\"position\":1,\"name\":\"Anasayfa\",\"item\":\"https:\\\/\\\/www.xn--zgr-meydan-dcb8e.com\\\/\"},{\"@type\":\"ListItem\",\"position\":2,\"name\":\"Erke\u011fin kabas\u0131, kad\u0131n\u0131n babas\u0131&#8230;\"}]},{\"@type\":\"WebSite\",\"@id\":\"https:\\\/\\\/www.xn--zgr-meydan-dcb8e.com\\\/#website\",\"url\":\"https:\\\/\\\/www.xn--zgr-meydan-dcb8e.com\\\/\",\"name\":\"\u00d6zg\u00fcr-Meydan\",\"description\":\"Ba\u011f\u0131ms\u0131z, siyasi, \u00f6zg\u00fcr-yay\u0131n\",\"potentialAction\":[{\"@type\":\"SearchAction\",\"target\":{\"@type\":\"EntryPoint\",\"urlTemplate\":\"https:\\\/\\\/www.xn--zgr-meydan-dcb8e.com\\\/?s={search_term_string}\"},\"query-input\":{\"@type\":\"PropertyValueSpecification\",\"valueRequired\":true,\"valueName\":\"search_term_string\"}}],\"inLanguage\":\"tr\"},{\"@type\":\"Person\",\"@id\":\"https:\\\/\\\/www.xn--zgr-meydan-dcb8e.com\\\/#\\\/schema\\\/person\\\/38e43bd12d45bc50f43455b037132cd0\",\"name\":\"Ali Galip Sayilgan\",\"sameAs\":[\"http:\\\/\\\/www.\u00f6zg\u00fcr-meydan.com\\\/\"],\"url\":\"https:\\\/\\\/www.xn--zgr-meydan-dcb8e.com\\\/?author=1\"}]}<\/script>\n<!-- \/ Yoast SEO plugin. -->","yoast_head_json":{"title":"Erke\u011fin kabas\u0131, kad\u0131n\u0131n babas\u0131... - \u00d6zg\u00fcr-Meydan","robots":{"index":"index","follow":"follow","max-snippet":"max-snippet:-1","max-image-preview":"max-image-preview:large","max-video-preview":"max-video-preview:-1"},"canonical":"https:\/\/www.xn--zgr-meydan-dcb8e.com\/?p=43","og_locale":"tr_TR","og_type":"article","og_title":"Erke\u011fin kabas\u0131, kad\u0131n\u0131n babas\u0131... - \u00d6zg\u00fcr-Meydan","og_description":"Kimi mutlak de\u011ferler vard\u0131r, de\u011ferin &ouml;zg&uuml;n yap\u0131s\u0131na g&ouml;re, mutlakl\u0131\u011f\u0131n de\u011fer &ouml;l&ccedil;&uuml;t&uuml; bir kez dokuz olmu\u015fsa (asla ve asla) inmez sekize! Kaba bir ifade tarz\u0131 gibi g&ouml;z&uuml;kse de, zurna ile &ouml;zde\u015fle\u015fmi\u015f bir &ouml;z deyi\u015fimiz vard\u0131r &#39;zurnan\u0131n z\u0131rt dedi\u011fi delik&#39; ile ilgilidir.","og_url":"https:\/\/www.xn--zgr-meydan-dcb8e.com\/?p=43","og_site_name":"\u00d6zg\u00fcr-Meydan","article_published_time":"2017-02-08T00:28:09+00:00","article_modified_time":"2017-09-06T17:01:02+00:00","og_image":[{"width":700,"height":250,"url":"https:\/\/www.\u00f6zg\u00fcr-meydan.com\/wp-content\/uploads\/2017\/02\/erkegin-kabasi.png","type":"image\/png"}],"author":"Ali Galip Sayilgan","twitter_card":"summary_large_image","twitter_misc":{"Yazan:":"Ali Galip Sayilgan","Tahmini okuma s\u00fcresi":"11 dakika"},"schema":{"@context":"https:\/\/schema.org","@graph":[{"@type":"Article","@id":"https:\/\/www.xn--zgr-meydan-dcb8e.com\/?p=43#article","isPartOf":{"@id":"https:\/\/www.xn--zgr-meydan-dcb8e.com\/?p=43"},"author":{"name":"Ali Galip Sayilgan","@id":"https:\/\/www.xn--zgr-meydan-dcb8e.com\/#\/schema\/person\/38e43bd12d45bc50f43455b037132cd0"},"headline":"Erke\u011fin kabas\u0131, kad\u0131n\u0131n babas\u0131&#8230;","datePublished":"2017-02-08T00:28:09+00:00","dateModified":"2017-09-06T17:01:02+00:00","mainEntityOfPage":{"@id":"https:\/\/www.xn--zgr-meydan-dcb8e.com\/?p=43"},"wordCount":2176,"image":{"@id":"https:\/\/www.xn--zgr-meydan-dcb8e.com\/?p=43#primaryimage"},"thumbnailUrl":"http:\/\/www.xn--zgr-meydan-dcb8e.com\/wp-content\/uploads\/2017\/02\/erkegin-kabasi.png","articleSection":["GENEL"],"inLanguage":"tr"},{"@type":"WebPage","@id":"https:\/\/www.xn--zgr-meydan-dcb8e.com\/?p=43","url":"https:\/\/www.xn--zgr-meydan-dcb8e.com\/?p=43","name":"Erke\u011fin kabas\u0131, kad\u0131n\u0131n babas\u0131... - \u00d6zg\u00fcr-Meydan","isPartOf":{"@id":"https:\/\/www.xn--zgr-meydan-dcb8e.com\/#website"},"primaryImageOfPage":{"@id":"https:\/\/www.xn--zgr-meydan-dcb8e.com\/?p=43#primaryimage"},"image":{"@id":"https:\/\/www.xn--zgr-meydan-dcb8e.com\/?p=43#primaryimage"},"thumbnailUrl":"http:\/\/www.xn--zgr-meydan-dcb8e.com\/wp-content\/uploads\/2017\/02\/erkegin-kabasi.png","datePublished":"2017-02-08T00:28:09+00:00","dateModified":"2017-09-06T17:01:02+00:00","author":{"@id":"https:\/\/www.xn--zgr-meydan-dcb8e.com\/#\/schema\/person\/38e43bd12d45bc50f43455b037132cd0"},"breadcrumb":{"@id":"https:\/\/www.xn--zgr-meydan-dcb8e.com\/?p=43#breadcrumb"},"inLanguage":"tr","potentialAction":[{"@type":"ReadAction","target":["https:\/\/www.xn--zgr-meydan-dcb8e.com\/?p=43"]}]},{"@type":"ImageObject","inLanguage":"tr","@id":"https:\/\/www.xn--zgr-meydan-dcb8e.com\/?p=43#primaryimage","url":"https:\/\/www.\u00f6zg\u00fcr-meydan.com\/wp-content\/uploads\/2017\/02\/erkegin-kabasi.png","contentUrl":"https:\/\/www.\u00f6zg\u00fcr-meydan.com\/wp-content\/uploads\/2017\/02\/erkegin-kabasi.png","width":700,"height":250},{"@type":"BreadcrumbList","@id":"https:\/\/www.xn--zgr-meydan-dcb8e.com\/?p=43#breadcrumb","itemListElement":[{"@type":"ListItem","position":1,"name":"Anasayfa","item":"https:\/\/www.xn--zgr-meydan-dcb8e.com\/"},{"@type":"ListItem","position":2,"name":"Erke\u011fin kabas\u0131, kad\u0131n\u0131n babas\u0131&#8230;"}]},{"@type":"WebSite","@id":"https:\/\/www.xn--zgr-meydan-dcb8e.com\/#website","url":"https:\/\/www.xn--zgr-meydan-dcb8e.com\/","name":"\u00d6zg\u00fcr-Meydan","description":"Ba\u011f\u0131ms\u0131z, siyasi, \u00f6zg\u00fcr-yay\u0131n","potentialAction":[{"@type":"SearchAction","target":{"@type":"EntryPoint","urlTemplate":"https:\/\/www.xn--zgr-meydan-dcb8e.com\/?s={search_term_string}"},"query-input":{"@type":"PropertyValueSpecification","valueRequired":true,"valueName":"search_term_string"}}],"inLanguage":"tr"},{"@type":"Person","@id":"https:\/\/www.xn--zgr-meydan-dcb8e.com\/#\/schema\/person\/38e43bd12d45bc50f43455b037132cd0","name":"Ali Galip Sayilgan","sameAs":["http:\/\/www.\u00f6zg\u00fcr-meydan.com\/"],"url":"https:\/\/www.xn--zgr-meydan-dcb8e.com\/?author=1"}]}},"_links":{"self":[{"href":"https:\/\/www.xn--zgr-meydan-dcb8e.com\/index.php?rest_route=\/wp\/v2\/posts\/43","targetHints":{"allow":["GET"]}}],"collection":[{"href":"https:\/\/www.xn--zgr-meydan-dcb8e.com\/index.php?rest_route=\/wp\/v2\/posts"}],"about":[{"href":"https:\/\/www.xn--zgr-meydan-dcb8e.com\/index.php?rest_route=\/wp\/v2\/types\/post"}],"author":[{"embeddable":true,"href":"https:\/\/www.xn--zgr-meydan-dcb8e.com\/index.php?rest_route=\/wp\/v2\/users\/1"}],"replies":[{"embeddable":true,"href":"https:\/\/www.xn--zgr-meydan-dcb8e.com\/index.php?rest_route=%2Fwp%2Fv2%2Fcomments&post=43"}],"version-history":[{"count":9,"href":"https:\/\/www.xn--zgr-meydan-dcb8e.com\/index.php?rest_route=\/wp\/v2\/posts\/43\/revisions"}],"predecessor-version":[{"id":789,"href":"https:\/\/www.xn--zgr-meydan-dcb8e.com\/index.php?rest_route=\/wp\/v2\/posts\/43\/revisions\/789"}],"wp:attachment":[{"href":"https:\/\/www.xn--zgr-meydan-dcb8e.com\/index.php?rest_route=%2Fwp%2Fv2%2Fmedia&parent=43"}],"wp:term":[{"taxonomy":"category","embeddable":true,"href":"https:\/\/www.xn--zgr-meydan-dcb8e.com\/index.php?rest_route=%2Fwp%2Fv2%2Fcategories&post=43"},{"taxonomy":"post_tag","embeddable":true,"href":"https:\/\/www.xn--zgr-meydan-dcb8e.com\/index.php?rest_route=%2Fwp%2Fv2%2Ftags&post=43"}],"curies":[{"name":"wp","href":"https:\/\/api.w.org\/{rel}","templated":true}]}}