{"id":856,"date":"2017-10-26T18:01:44","date_gmt":"2017-10-26T15:01:44","guid":{"rendered":"http:\/\/www.xn--zgr-meydan-dcb8e.com\/?p=856"},"modified":"2024-06-28T02:40:17","modified_gmt":"2024-06-27T23:40:17","slug":"bence-turkiyeye-hic-iyi-gelmeyecek","status":"publish","type":"post","link":"https:\/\/www.xn--zgr-meydan-dcb8e.com\/?p=856","title":{"rendered":"Bence T\u00fcrkiye&#8217;ye hi\u00e7 iyi gelmeyecek&#8230;"},"content":{"rendered":"<p><img decoding=\"async\" style=\"width: 700px; height: 250px;\" src=\"http:\/\/www.xn--zgr-meydan-dcb8e.com\/wp-content\/uploads\/image\/iyi-gelmeyecek.png\" alt=\"\" \/><\/p>\n<p><span style=\"font-family: arial, helvetica, sans-serif; font-size: 20px;\">Zaman\u0131ma yaz\u0131k oldu\u011funu bile bile \u00fc\u015fenmeden oturup Meral Ak\u015fener&#8217;in i\u00e7eri\u011fi bo\u015f, bir o kadarda adeta \u00e7\u00f6p y\u0131\u011f\u0131n\u0131 olan t\u00fcm konu\u015fmas\u0131n\u0131 sonuna kadar dinledim. Madem politikaya soyunuyorsun insan birazc\u0131k k\u00fclt\u00fcrl\u00fc olur, hakkaniyetli olur, sosyal olur diye bo\u015f yere hay\u0131fland\u0131m kendi kendime.<\/span><\/p>\n<p><span style=\"font-family: arial, helvetica, sans-serif; font-size: 20px;\">Ak\u015fener ba\u015ftan beri bo\u015f birisi oldu\u011funu bilmi\u015f olsamda yeni kurduklar\u0131 partinin ba\u015f\u0131na ge\u00e7ecek insana,\u00a0haliyle donan\u0131m\u0131na oy verecek insanlar mutlaka dikkat edecektir.<\/span><\/p>\n<p><span style=\"font-family: arial, helvetica, sans-serif; font-size: 20px;\">Birazc\u0131k v\u00fccut dilini okuyabilecek kapasitede iseniz k\u00fcrs\u00fcde duru\u015f ve davran\u0131\u015f\u0131ndan tutunda k\u00fcrs\u00fcy\u00fc kavrama hareketlerine varana kadar bir dizi istemsiz hareketlerini mercek alt\u0131na al\u0131nd\u0131\u011f\u0131nda bire bir Tansu \u00c7illerden kopya \u00e7ekti\u011fi davran\u0131\u015f bilimi bize s\u00f6yl\u00fcyor. Meral Ak\u015fener &#8216;in kendine \u00f6zg\u00fc bir davran\u0131\u015f \u015feklini arad\u0131m ama bulamad\u0131m.<\/span><\/p>\n<p><span style=\"font-family: arial, helvetica, sans-serif; font-size: 20px;\">\u00a0TAM TERS\u0130NE BENCE T\u00dcRK\u0130YE&#8217;YE \u00c7OK K\u00d6T\u00dc GELECEK.<\/span><\/p>\n<p><span style=\"font-family: arial, helvetica, sans-serif; font-size: 20px;\">Kurdu\u011fu c\u00fcmlelere bak\u0131yorum kar\u015f\u0131l\u0131klar\u0131n\u0131 s\u00fcrekli milliyet\u00e7ili\u011fe at\u0131flar yaparak alt yap\u0131s\u0131nda bo\u015f de\u011ferler ta\u015f\u0131yan demodele\u015fmi\u015f kelimeler salatas\u0131 gibiydi adeta. Bir \u0131rka g\u00f6nderme yapan l\u00fcmpen burjuvazinin arg\u00fcmanlar\u0131 bile Meral Ak\u015fener&#8217;in s\u00f6ylemlerinden daha bir kalibresi y\u00fcksektir.<\/span><\/p>\n<p><span style=\"font-family: arial, helvetica, sans-serif; font-size: 20px;\">Meral Ak\u015fener &#8216;de kalk\u0131nma projesi lafla y\u00fcr\u00fcyen peynir gemisinden farks\u0131zd\u0131r bir o kadar da s\u0131f\u0131rd\u0131r. <\/span><\/p>\n<p><span style=\"font-family: arial, helvetica, sans-serif; font-size: 20px;\">Adeta Tayyip Erdo\u011fan&#8217;\u0131 mumla aratacak bir gelece\u011fe sahip g\u00f6z\u00fck\u00fcyor. <\/span><\/p>\n<p><span style=\"font-family: arial, helvetica, sans-serif; font-size: 20px;\">Konu\u015fmas\u0131 boyunca ne bir insan haklar\u0131ndan bahsetti nede bir i\u015f\u00e7inin ya\u015fam standartlar\u0131ndan bahsetti. Yoksul halk\u0131n y\u00fcz y\u00fcze geldi\u011fi sorunlar\u0131n ne uza\u011f\u0131ndan nede yak\u0131n\u0131ndan ge\u00e7ti. Utanmadan birde diyor ki Cumhurba\u015fkanl\u0131\u011f\u0131na aday\u0131m&#8230;<\/span><\/p>\n<p><span style=\"font-family: arial, helvetica, sans-serif; font-size: 20px;\">CUMARTES\u0130 ANNELER\u0130N\u0130N Y\u00dcRE\u011e\u0130NE ATE\u015e D\u00dc\u015e\u00dcRENLER T\u00dcRK\u0130YE&#8217;YE \u0130Y\u0130 GELMES\u0130 NASIL M\u00dcMK\u00dcN OLAB\u0130L\u0130R K\u0130?<\/span><\/p>\n<p><span style=\"font-family: arial, helvetica, sans-serif; font-size: 20px;\">Tansu \u00c7iller, Meral Ak\u015fener ve Mehmet A\u011far d\u00f6neminde y\u00fczlerce insan buharla\u015ft\u0131r\u0131ld\u0131. Yani faili mechul cinayetlere kurban edildiler bu insanlar. Buharla\u015ft\u0131r\u0131lan evlatlar\u0131n\u0131n kemiklerini bulmaya bile raz\u0131 gelebilecek onlarca annelerin y\u00fcrekleri kan a\u011flarken gen\u00e7li\u011finin bahar\u0131nda buharla\u015ft\u0131r\u0131lan insanlardan sorumlu olanlardan bir tanesi \u00fcstelikte su\u00e7unu itraf ede ede siyasi bir parti kurup T\u00fcrkiye&#8217;ye iyi gelece\u011fini ileri s\u00fcr\u00fcyor.<\/span><\/p>\n<p><span style=\"font-family: arial, helvetica, sans-serif; font-size: 20px;\">Hele hele b\u00f6ylesine siyaset\u00e7ilerin eline bir kez masum insanlar\u0131n kan\u0131 s\u0131\u00e7ram\u0131\u015fsa ya\u015fam\u0131n\u0131n bahar\u0131nda buharla\u015ft\u0131r\u0131lan insanlar\u0131n ilahi adaleti hala sa\u011flanamam\u0131\u015fsa Cumartesi annelerinin y\u00fcreklerine nas\u0131l ve kim su serpebilir ki?<\/span><\/p>\n<p><span style=\"font-family: arial, helvetica, sans-serif; font-size: 20px;\">\u00dcstelikte faili mechul cinayetleri kabul eden &#8221;kabul\u00fcmd\u00fcr&#8221; deyip itirafta bulunan Meral Ak\u015fener yarg\u0131lanmadan temizlenmeden nas\u0131l T\u00fcrkiye&#8217;ye iyi gelebilece\u011fini iddia edebilir ki?<\/span><\/p>\n<p><span style=\"font-family: arial, helvetica, sans-serif; font-size: 20px;\">Kafatas\u00e7\u0131 gelene\u011fin sembollerinden Bah\u00e7eli bile \u015fu sat\u0131rlarla yap\u0131lanlara isyan edebiliyorsa var\u0131n gerisini siz anlay\u0131n demektir bu.<\/span><\/p>\n<p><span style=\"font-family: arial, helvetica, sans-serif; font-size: 20px;\">\u201cFaili me\u00e7hul s\u00f6z\u00fc hafife al\u0131nacak s\u00f6z olarak g\u00f6r\u00fclmemeli. T\u00fcrkiye\u2019de bin 901 tane faili me\u00e7hul vard\u0131r. Bu kadar ciddi bir konuyu MHP\u2019de de\u011fi\u015fim d\u00f6n\u00fc\u015f\u00fcm isteyen insan\u0131n \u2018faili me\u00e7huller kabul\u00fcmd\u00fcr\u2019 dedi\u011fi vakit, Beyo\u011flu- Galatasaray aras\u0131ndaki Cumartesi Anneleri\u2019ni, genel merkez \u00f6n\u00fcnde per\u015fembeden per\u015fembeye toplanan pazar alan\u0131n\u0131, per\u015fembe hari\u00e7, Cumartesi Anneleri\u2019nin kullanmas\u0131na m\u00fcsaade etmek demektir. Bu olay\u0131 MHP\u2019ye s\u0131vamak demektir. Faili me\u00e7hullerle ilgili meseleleri bir ba\u015fka yerden ger\u00e7ek yap\u0131lardan al\u0131p MHP \u00fczerine y\u0131kmak demektir. Bu s\u00f6zlerin hesab\u0131 bir g\u00fcn sorulur ve verilir.\u201d <a href=\"http:\/\/t24.com.tr\/haber\/bahceliden-aksenere-faili-mechuller-kabulumdur-sozlerinin-hesabi-bir-gun-sorulur,345675\">Kaynak<\/a><\/span><\/p>\n<p><span style=\"font-family: arial, helvetica, sans-serif; font-size: 20px;\">Buharla\u015ft\u0131r\u0131lan 901 insandan sonra en son kirli ellerini\u00a0 ne zaman y\u0131kad\u0131\u011f\u0131n\u0131 insana sorarlar. Cumartesi anneleri de ya\u011fmur, \u00e7amur, k\u0131\u015f, yaz demeden bitmek t\u00fckenmek bilmeyen enerjileriyle evlatlar\u0131n\u0131n hasretinde bunu sormak i\u00e7in hep n\u00f6bette de\u011fil mi zaten?<\/span><\/p>\n<p><span style=\"font-family: arial, helvetica, sans-serif; font-size: 20px;\">Gelinen noktada T\u00fcrkiye&#8217;de politikac\u0131 olmak demek, salt determinist a\u00e7\u0131dan de\u011ferlendirdi\u011fimizde toplumsal ger\u00e7ek\u00e7ili\u011fimizin \u00f6z\u00fcn\u00fc nas\u0131l yitirdi\u011fimizi bize,\u00a0her \u015feyden \u00f6nce, vicdan\u0131n\u0131n sesini yitirmi\u015f olmay\u0131, haks\u0131zl\u0131klar\u0131, h\u0131rs\u0131zl\u0131klar\u0131, g\u00f6z g\u00f6re g\u00f6re\u00a0 has\u0131r alt\u0131na nas\u0131l s\u00fcp\u00fcrd\u00fc\u011f\u00fcm\u00fcz\u00fc\u00a0 g\u00f6sterir.<\/span><\/p>\n<p><span style=\"font-family: arial, helvetica, sans-serif; font-size: 20px;\">Bu \u00f6zellikler T\u00fcrk politikac\u0131s\u0131n\u0131n en \u00f6nemli kriterlerden birisidir. Bunun \u00fcst a\u015famas\u0131 ak\u0131l sa\u011fl\u0131\u011f\u0131yla sorunlu ki\u015filiklerin itibar budalal\u0131\u011f\u0131nda geldi\u011fi noktad\u0131r.<\/span><\/p>\n<p><span style=\"font-family: arial, helvetica, sans-serif; font-size: 20px;\">Cahille\u015fme metodolojisinin sosyolojisi bizim gibi bal\u0131k haf\u0131zal\u0131 toplumlarda yeni yeni &#8221;iyi partilerin&#8221; T\u00fcrkiye&#8217;ye &#8221;iyi gelece\u011fini&#8221; iddia etmesinden ge\u00e7er.<\/span><\/p>\n<p><span style=\"font-family: arial, helvetica, sans-serif; font-size: 20px;\">Ali Galip Say\u0131lgan<\/span><\/p>\n","protected":false},"excerpt":{"rendered":"<p>Zaman\u0131ma yaz\u0131k oldu\u011funu bile bile \u00fc\u015fenmeden oturup Meral Ak\u015fener&#8217;in i\u00e7eri\u011fi bo\u015f, bir o kadarda adeta \u00e7\u00f6p y\u0131\u011f\u0131n\u0131 olan t\u00fcm konu\u015fmas\u0131n\u0131 sonuna kadar dinledim. Madem politikaya soyunuyorsun insan birazc\u0131k k\u00fclt\u00fcrl\u00fc olur, hakkaniyetli olur, sosyal olur diye bo\u015f yere hay\u0131fland\u0131m kendi kendime.<\/p>\n","protected":false},"author":1,"featured_media":0,"comment_status":"closed","ping_status":"open","sticky":false,"template":"","format":"standard","meta":{"footnotes":""},"categories":[1],"tags":[],"class_list":["post-856","post","type-post","status-publish","format-standard","hentry","category-genel"],"yoast_head":"<!-- This site is optimized with the Yoast SEO plugin v27.4 - https:\/\/yoast.com\/product\/yoast-seo-wordpress\/ -->\n<title>Bence T\u00fcrkiye&#039;ye hi\u00e7 iyi gelmeyecek... - \u00d6zg\u00fcr-Meydan<\/title>\n<meta name=\"robots\" content=\"index, follow, max-snippet:-1, max-image-preview:large, max-video-preview:-1\" \/>\n<link rel=\"canonical\" href=\"https:\/\/www.xn--zgr-meydan-dcb8e.com\/?p=856\" \/>\n<meta property=\"og:locale\" content=\"tr_TR\" \/>\n<meta property=\"og:type\" content=\"article\" \/>\n<meta property=\"og:title\" content=\"Bence T\u00fcrkiye&#039;ye hi\u00e7 iyi gelmeyecek... - \u00d6zg\u00fcr-Meydan\" \/>\n<meta property=\"og:description\" content=\"Zaman\u0131ma yaz\u0131k oldu\u011funu bile bile \u00fc\u015fenmeden oturup Meral Ak\u015fener&#8217;in i\u00e7eri\u011fi bo\u015f, bir o kadarda adeta \u00e7\u00f6p y\u0131\u011f\u0131n\u0131 olan t\u00fcm konu\u015fmas\u0131n\u0131 sonuna kadar dinledim. Madem politikaya soyunuyorsun insan birazc\u0131k k\u00fclt\u00fcrl\u00fc olur, hakkaniyetli olur, sosyal olur diye bo\u015f yere hay\u0131fland\u0131m kendi kendime.\" \/>\n<meta property=\"og:url\" content=\"https:\/\/www.xn--zgr-meydan-dcb8e.com\/?p=856\" \/>\n<meta property=\"og:site_name\" content=\"\u00d6zg\u00fcr-Meydan\" \/>\n<meta property=\"article:published_time\" content=\"2017-10-26T15:01:44+00:00\" \/>\n<meta property=\"article:modified_time\" content=\"2024-06-27T23:40:17+00:00\" \/>\n<meta property=\"og:image\" content=\"http:\/\/www.xn--zgr-meydan-dcb8e.com\/wp-content\/uploads\/image\/iyi-gelmeyecek.png\" \/>\n<meta name=\"author\" content=\"Ali Galip Sayilgan\" \/>\n<meta name=\"twitter:card\" content=\"summary_large_image\" \/>\n<meta name=\"twitter:label1\" content=\"Yazan:\" \/>\n\t<meta name=\"twitter:data1\" content=\"Ali Galip Sayilgan\" \/>\n\t<meta name=\"twitter:label2\" content=\"Tahmini okuma s\u00fcresi\" \/>\n\t<meta name=\"twitter:data2\" content=\"4 dakika\" \/>\n<script type=\"application\/ld+json\" class=\"yoast-schema-graph\">{\"@context\":\"https:\\\/\\\/schema.org\",\"@graph\":[{\"@type\":\"Article\",\"@id\":\"https:\\\/\\\/www.xn--zgr-meydan-dcb8e.com\\\/?p=856#article\",\"isPartOf\":{\"@id\":\"https:\\\/\\\/www.xn--zgr-meydan-dcb8e.com\\\/?p=856\"},\"author\":{\"name\":\"Ali Galip Sayilgan\",\"@id\":\"https:\\\/\\\/www.xn--zgr-meydan-dcb8e.com\\\/#\\\/schema\\\/person\\\/38e43bd12d45bc50f43455b037132cd0\"},\"headline\":\"Bence T\u00fcrkiye&#8217;ye hi\u00e7 iyi gelmeyecek&#8230;\",\"datePublished\":\"2017-10-26T15:01:44+00:00\",\"dateModified\":\"2024-06-27T23:40:17+00:00\",\"mainEntityOfPage\":{\"@id\":\"https:\\\/\\\/www.xn--zgr-meydan-dcb8e.com\\\/?p=856\"},\"wordCount\":781,\"image\":{\"@id\":\"https:\\\/\\\/www.xn--zgr-meydan-dcb8e.com\\\/?p=856#primaryimage\"},\"thumbnailUrl\":\"http:\\\/\\\/www.xn--zgr-meydan-dcb8e.com\\\/wp-content\\\/uploads\\\/image\\\/iyi-gelmeyecek.png\",\"articleSection\":[\"GENEL\"],\"inLanguage\":\"tr\"},{\"@type\":\"WebPage\",\"@id\":\"https:\\\/\\\/www.xn--zgr-meydan-dcb8e.com\\\/?p=856\",\"url\":\"https:\\\/\\\/www.xn--zgr-meydan-dcb8e.com\\\/?p=856\",\"name\":\"Bence T\u00fcrkiye'ye hi\u00e7 iyi gelmeyecek... - \u00d6zg\u00fcr-Meydan\",\"isPartOf\":{\"@id\":\"https:\\\/\\\/www.xn--zgr-meydan-dcb8e.com\\\/#website\"},\"primaryImageOfPage\":{\"@id\":\"https:\\\/\\\/www.xn--zgr-meydan-dcb8e.com\\\/?p=856#primaryimage\"},\"image\":{\"@id\":\"https:\\\/\\\/www.xn--zgr-meydan-dcb8e.com\\\/?p=856#primaryimage\"},\"thumbnailUrl\":\"http:\\\/\\\/www.xn--zgr-meydan-dcb8e.com\\\/wp-content\\\/uploads\\\/image\\\/iyi-gelmeyecek.png\",\"datePublished\":\"2017-10-26T15:01:44+00:00\",\"dateModified\":\"2024-06-27T23:40:17+00:00\",\"author\":{\"@id\":\"https:\\\/\\\/www.xn--zgr-meydan-dcb8e.com\\\/#\\\/schema\\\/person\\\/38e43bd12d45bc50f43455b037132cd0\"},\"breadcrumb\":{\"@id\":\"https:\\\/\\\/www.xn--zgr-meydan-dcb8e.com\\\/?p=856#breadcrumb\"},\"inLanguage\":\"tr\",\"potentialAction\":[{\"@type\":\"ReadAction\",\"target\":[\"https:\\\/\\\/www.xn--zgr-meydan-dcb8e.com\\\/?p=856\"]}]},{\"@type\":\"ImageObject\",\"inLanguage\":\"tr\",\"@id\":\"https:\\\/\\\/www.xn--zgr-meydan-dcb8e.com\\\/?p=856#primaryimage\",\"url\":\"http:\\\/\\\/www.xn--zgr-meydan-dcb8e.com\\\/wp-content\\\/uploads\\\/image\\\/iyi-gelmeyecek.png\",\"contentUrl\":\"http:\\\/\\\/www.xn--zgr-meydan-dcb8e.com\\\/wp-content\\\/uploads\\\/image\\\/iyi-gelmeyecek.png\"},{\"@type\":\"BreadcrumbList\",\"@id\":\"https:\\\/\\\/www.xn--zgr-meydan-dcb8e.com\\\/?p=856#breadcrumb\",\"itemListElement\":[{\"@type\":\"ListItem\",\"position\":1,\"name\":\"Anasayfa\",\"item\":\"https:\\\/\\\/www.xn--zgr-meydan-dcb8e.com\\\/\"},{\"@type\":\"ListItem\",\"position\":2,\"name\":\"Bence T\u00fcrkiye&#8217;ye hi\u00e7 iyi gelmeyecek&#8230;\"}]},{\"@type\":\"WebSite\",\"@id\":\"https:\\\/\\\/www.xn--zgr-meydan-dcb8e.com\\\/#website\",\"url\":\"https:\\\/\\\/www.xn--zgr-meydan-dcb8e.com\\\/\",\"name\":\"\u00d6zg\u00fcr-Meydan\",\"description\":\"Ba\u011f\u0131ms\u0131z, siyasi, \u00f6zg\u00fcr-yay\u0131n\",\"potentialAction\":[{\"@type\":\"SearchAction\",\"target\":{\"@type\":\"EntryPoint\",\"urlTemplate\":\"https:\\\/\\\/www.xn--zgr-meydan-dcb8e.com\\\/?s={search_term_string}\"},\"query-input\":{\"@type\":\"PropertyValueSpecification\",\"valueRequired\":true,\"valueName\":\"search_term_string\"}}],\"inLanguage\":\"tr\"},{\"@type\":\"Person\",\"@id\":\"https:\\\/\\\/www.xn--zgr-meydan-dcb8e.com\\\/#\\\/schema\\\/person\\\/38e43bd12d45bc50f43455b037132cd0\",\"name\":\"Ali Galip Sayilgan\",\"sameAs\":[\"http:\\\/\\\/www.\u00f6zg\u00fcr-meydan.com\\\/\"],\"url\":\"https:\\\/\\\/www.xn--zgr-meydan-dcb8e.com\\\/?author=1\"}]}<\/script>\n<!-- \/ Yoast SEO plugin. -->","yoast_head_json":{"title":"Bence T\u00fcrkiye'ye hi\u00e7 iyi gelmeyecek... - \u00d6zg\u00fcr-Meydan","robots":{"index":"index","follow":"follow","max-snippet":"max-snippet:-1","max-image-preview":"max-image-preview:large","max-video-preview":"max-video-preview:-1"},"canonical":"https:\/\/www.xn--zgr-meydan-dcb8e.com\/?p=856","og_locale":"tr_TR","og_type":"article","og_title":"Bence T\u00fcrkiye'ye hi\u00e7 iyi gelmeyecek... - \u00d6zg\u00fcr-Meydan","og_description":"Zaman\u0131ma yaz\u0131k oldu\u011funu bile bile \u00fc\u015fenmeden oturup Meral Ak\u015fener&#8217;in i\u00e7eri\u011fi bo\u015f, bir o kadarda adeta \u00e7\u00f6p y\u0131\u011f\u0131n\u0131 olan t\u00fcm konu\u015fmas\u0131n\u0131 sonuna kadar dinledim. Madem politikaya soyunuyorsun insan birazc\u0131k k\u00fclt\u00fcrl\u00fc olur, hakkaniyetli olur, sosyal olur diye bo\u015f yere hay\u0131fland\u0131m kendi kendime.","og_url":"https:\/\/www.xn--zgr-meydan-dcb8e.com\/?p=856","og_site_name":"\u00d6zg\u00fcr-Meydan","article_published_time":"2017-10-26T15:01:44+00:00","article_modified_time":"2024-06-27T23:40:17+00:00","og_image":[{"url":"http:\/\/www.xn--zgr-meydan-dcb8e.com\/wp-content\/uploads\/image\/iyi-gelmeyecek.png","type":"","width":"","height":""}],"author":"Ali Galip Sayilgan","twitter_card":"summary_large_image","twitter_misc":{"Yazan:":"Ali Galip Sayilgan","Tahmini okuma s\u00fcresi":"4 dakika"},"schema":{"@context":"https:\/\/schema.org","@graph":[{"@type":"Article","@id":"https:\/\/www.xn--zgr-meydan-dcb8e.com\/?p=856#article","isPartOf":{"@id":"https:\/\/www.xn--zgr-meydan-dcb8e.com\/?p=856"},"author":{"name":"Ali Galip Sayilgan","@id":"https:\/\/www.xn--zgr-meydan-dcb8e.com\/#\/schema\/person\/38e43bd12d45bc50f43455b037132cd0"},"headline":"Bence T\u00fcrkiye&#8217;ye hi\u00e7 iyi gelmeyecek&#8230;","datePublished":"2017-10-26T15:01:44+00:00","dateModified":"2024-06-27T23:40:17+00:00","mainEntityOfPage":{"@id":"https:\/\/www.xn--zgr-meydan-dcb8e.com\/?p=856"},"wordCount":781,"image":{"@id":"https:\/\/www.xn--zgr-meydan-dcb8e.com\/?p=856#primaryimage"},"thumbnailUrl":"http:\/\/www.xn--zgr-meydan-dcb8e.com\/wp-content\/uploads\/image\/iyi-gelmeyecek.png","articleSection":["GENEL"],"inLanguage":"tr"},{"@type":"WebPage","@id":"https:\/\/www.xn--zgr-meydan-dcb8e.com\/?p=856","url":"https:\/\/www.xn--zgr-meydan-dcb8e.com\/?p=856","name":"Bence T\u00fcrkiye'ye hi\u00e7 iyi gelmeyecek... - \u00d6zg\u00fcr-Meydan","isPartOf":{"@id":"https:\/\/www.xn--zgr-meydan-dcb8e.com\/#website"},"primaryImageOfPage":{"@id":"https:\/\/www.xn--zgr-meydan-dcb8e.com\/?p=856#primaryimage"},"image":{"@id":"https:\/\/www.xn--zgr-meydan-dcb8e.com\/?p=856#primaryimage"},"thumbnailUrl":"http:\/\/www.xn--zgr-meydan-dcb8e.com\/wp-content\/uploads\/image\/iyi-gelmeyecek.png","datePublished":"2017-10-26T15:01:44+00:00","dateModified":"2024-06-27T23:40:17+00:00","author":{"@id":"https:\/\/www.xn--zgr-meydan-dcb8e.com\/#\/schema\/person\/38e43bd12d45bc50f43455b037132cd0"},"breadcrumb":{"@id":"https:\/\/www.xn--zgr-meydan-dcb8e.com\/?p=856#breadcrumb"},"inLanguage":"tr","potentialAction":[{"@type":"ReadAction","target":["https:\/\/www.xn--zgr-meydan-dcb8e.com\/?p=856"]}]},{"@type":"ImageObject","inLanguage":"tr","@id":"https:\/\/www.xn--zgr-meydan-dcb8e.com\/?p=856#primaryimage","url":"http:\/\/www.xn--zgr-meydan-dcb8e.com\/wp-content\/uploads\/image\/iyi-gelmeyecek.png","contentUrl":"http:\/\/www.xn--zgr-meydan-dcb8e.com\/wp-content\/uploads\/image\/iyi-gelmeyecek.png"},{"@type":"BreadcrumbList","@id":"https:\/\/www.xn--zgr-meydan-dcb8e.com\/?p=856#breadcrumb","itemListElement":[{"@type":"ListItem","position":1,"name":"Anasayfa","item":"https:\/\/www.xn--zgr-meydan-dcb8e.com\/"},{"@type":"ListItem","position":2,"name":"Bence T\u00fcrkiye&#8217;ye hi\u00e7 iyi gelmeyecek&#8230;"}]},{"@type":"WebSite","@id":"https:\/\/www.xn--zgr-meydan-dcb8e.com\/#website","url":"https:\/\/www.xn--zgr-meydan-dcb8e.com\/","name":"\u00d6zg\u00fcr-Meydan","description":"Ba\u011f\u0131ms\u0131z, siyasi, \u00f6zg\u00fcr-yay\u0131n","potentialAction":[{"@type":"SearchAction","target":{"@type":"EntryPoint","urlTemplate":"https:\/\/www.xn--zgr-meydan-dcb8e.com\/?s={search_term_string}"},"query-input":{"@type":"PropertyValueSpecification","valueRequired":true,"valueName":"search_term_string"}}],"inLanguage":"tr"},{"@type":"Person","@id":"https:\/\/www.xn--zgr-meydan-dcb8e.com\/#\/schema\/person\/38e43bd12d45bc50f43455b037132cd0","name":"Ali Galip Sayilgan","sameAs":["http:\/\/www.\u00f6zg\u00fcr-meydan.com\/"],"url":"https:\/\/www.xn--zgr-meydan-dcb8e.com\/?author=1"}]}},"_links":{"self":[{"href":"https:\/\/www.xn--zgr-meydan-dcb8e.com\/index.php?rest_route=\/wp\/v2\/posts\/856","targetHints":{"allow":["GET"]}}],"collection":[{"href":"https:\/\/www.xn--zgr-meydan-dcb8e.com\/index.php?rest_route=\/wp\/v2\/posts"}],"about":[{"href":"https:\/\/www.xn--zgr-meydan-dcb8e.com\/index.php?rest_route=\/wp\/v2\/types\/post"}],"author":[{"embeddable":true,"href":"https:\/\/www.xn--zgr-meydan-dcb8e.com\/index.php?rest_route=\/wp\/v2\/users\/1"}],"replies":[{"embeddable":true,"href":"https:\/\/www.xn--zgr-meydan-dcb8e.com\/index.php?rest_route=%2Fwp%2Fv2%2Fcomments&post=856"}],"version-history":[{"count":7,"href":"https:\/\/www.xn--zgr-meydan-dcb8e.com\/index.php?rest_route=\/wp\/v2\/posts\/856\/revisions"}],"predecessor-version":[{"id":1430,"href":"https:\/\/www.xn--zgr-meydan-dcb8e.com\/index.php?rest_route=\/wp\/v2\/posts\/856\/revisions\/1430"}],"wp:attachment":[{"href":"https:\/\/www.xn--zgr-meydan-dcb8e.com\/index.php?rest_route=%2Fwp%2Fv2%2Fmedia&parent=856"}],"wp:term":[{"taxonomy":"category","embeddable":true,"href":"https:\/\/www.xn--zgr-meydan-dcb8e.com\/index.php?rest_route=%2Fwp%2Fv2%2Fcategories&post=856"},{"taxonomy":"post_tag","embeddable":true,"href":"https:\/\/www.xn--zgr-meydan-dcb8e.com\/index.php?rest_route=%2Fwp%2Fv2%2Ftags&post=856"}],"curies":[{"name":"wp","href":"https:\/\/api.w.org\/{rel}","templated":true}]}}