{"id":915,"date":"2017-12-31T19:53:08","date_gmt":"2017-12-31T16:53:08","guid":{"rendered":"http:\/\/www.xn--zgr-meydan-dcb8e.com\/?p=915"},"modified":"2024-06-28T02:42:51","modified_gmt":"2024-06-27T23:42:51","slug":"bir-guzel-darbe-masali","status":"publish","type":"post","link":"https:\/\/www.xn--zgr-meydan-dcb8e.com\/?p=915","title":{"rendered":"15 Temmuz 2016&#8217;dan 2018 y\u0131l\u0131na, bir g\u00fczel darbe masal\u0131&#8230;"},"content":{"rendered":"<p align=\"LEFT\"><img fetchpriority=\"high\" decoding=\"async\" class=\"alignleft size-full wp-image-918\" style=\"color: #1d2129;\" src=\"http:\/\/www.xn--zgr-meydan-dcb8e.com\/wp-content\/uploads\/2017\/12\/bir-guzel-darbe-masal\u0131.png\" alt=\"\" width=\"700\" height=\"250\" srcset=\"https:\/\/www.\u00f6zg\u00fcr-meydan.com\/wp-content\/uploads\/2017\/12\/bir-guzel-darbe-masal\u0131.png 700w, https:\/\/www.\u00f6zg\u00fcr-meydan.com\/wp-content\/uploads\/2017\/12\/bir-guzel-darbe-masal\u0131-300x107.png 300w\" sizes=\"(max-width: 700px) 100vw, 700px\" \/><\/p>\n<p><span style=\"font-family: arial, helvetica, sans-serif; font-size: 20px;\"><span style=\"color: #1d2129;\">Ne oldu\u011funu 15 Temmuz 2016&#8217;da yazm\u0131\u015ft\u0131m. <\/span><span style=\"color: #1d2129;\">Ho\u015f, yazd\u0131k da ne oldu ki? <\/span><span style=\"color: #1d2129;\">Toplumsal a\u00e7\u0131dan koyunluk metodolojisine dahil olan her \u015fah\u0131s adeta a\u011f\u0131z birli\u011fi yapm\u0131\u015fcas\u0131na bu darbe giri\u015fimini Fet\u00f6&#8217;n\u00fcn planlad\u0131\u011f\u0131 konusunda sarayla birlikte hareket ediyor. Fark\u0131nda olup yada olmadan sarayla i\u015fbirli\u011fi yap\u0131yor. Toplumsal koyunluk metodolojisine dahil olan her \u015fah\u0131s ayn\u0131 zamanda saray\u0131n bilmeden i\u015fbirlik\u00e7isidir.<\/span><\/span><\/p>\n<p align=\"LEFT\"><span style=\"font-size: 20px; font-family: arial, helvetica, sans-serif;\"><span style=\"color: #1d2129;\">Buna liberalinden tutunda, s\u00f6zde sol ayd\u0131nlara varana kadar, ana muhalefet partisi CHP&#8217;de buna dahildir. Hat\u0131rlanaca\u011f\u0131 gibi Yeni Kap\u0131 Mutabakat\u0131 (ruhu i\u00e7in) ko\u015ftura ko\u015ftura Yeni Kap\u0131&#8217;ya giden CHP hat\u0131ralarda k\u00f6t\u00fc bir iz b\u0131rakt\u0131. CHP davran\u0131\u015flar\u0131yla saray i\u015fbirlik\u00e7ili\u011fine hizmet etmekte teredd\u00fct etmedi\u011fini bir filim \u015feridi gibi kare kare izledik.<\/span><\/span><\/p>\n<p align=\"LEFT\"><span style=\"font-size: 20px; font-family: arial, helvetica, sans-serif;\"><span style=\"color: #1d2129;\">Gerek h\u00fckumetin, gerekse bakanl\u0131klar\u0131n pek k\u0131ymet-i harbiyesinin okunmad\u0131\u011f\u0131 bir s\u00fcreci ya\u015f\u0131yoruz. Saraydaki zat&#8217;\u0131n a\u011fz\u0131na bakarak laf s\u00f6yleme ve bizzat izniyle i\u015f\u00a0 yapan bu kurumlar, saray\u0131n estirdi\u011fi ter\u00f6re\u00a0 yanda\u015f kalemlerce lin\u00e7 kampanyas\u0131 kat\u0131lmas\u0131yla <\/span><span style=\"color: #1d2129;\"><i><b>(hi\u00e7 kimse)<\/b><\/i><\/span><span style=\"color: #1d2129;\"> saray\u0131 kar\u015f\u0131s\u0131na almay\u0131 cesaret edemeyecek duruma geldikleri gibi, b\u0131kmadan usanmadan bire bir saray\u0131n a\u011fz\u0131yla mevcut darbe giri\u015fimini de\u011ferlendirmektedirler.\u00a0 <\/span><\/span><\/p>\n<p align=\"LEFT\"><span style=\"font-size: 20px; font-family: arial, helvetica, sans-serif;\"><span style=\"color: #1d2129;\">Zaten ba\u015fka t\u00fcrl\u00fc de\u011ferlendirebilselerdi \u015fa\u015f\u0131r\u0131rd\u0131k&#8230;<\/span><\/span><\/p>\n<p align=\"LEFT\"><span style=\"font-size: 20px; font-family: arial, helvetica, sans-serif;\"><span style=\"color: #1d2129;\"><i><b>&#8216;Benim o\u011flum bina okur, d\u00f6ner d\u00f6ner yine okur&#8217;<\/b><\/i> misali gibi, 2018&#8217;de de bir \u00e7ok \u015feyler mevcut oturmu\u015f yap\u0131yla birlikte ayn\u0131 kalacakm\u0131\u015f gibi g\u00f6z\u00fcksede 2018 \u00e7ok \u015feylere gebe olaca\u011f\u0131 a\u015fikard\u0131r.<\/span><\/span><\/p>\n<p align=\"LEFT\"><span style=\"font-size: 20px; font-family: arial, helvetica, sans-serif;\"><span style=\"color: #1d2129;\">Adam resmen eski ili\u015fkilerini kullan\u0131p <em><strong>(\u00f6rt\u00fcl\u00fc \u00f6denekle \u00f6demesini yaparak\u00a0sat\u0131n ald\u0131\u011f\u0131)<\/strong><\/em> Fet\u00f6c\u00fc kadrolara darbe giri\u015fimi sahnelemesine kar\u015f\u0131n, \u00fcstelikte bu y\u00f6nde kral\u0131n \u00e7\u0131plak oldu\u011funu herkes g\u00f6rmesine kar\u015f\u0131n, herkes ayn\u0131 teraneyi okumas\u0131 T\u00fcrkiye&#8217;nin geldi\u011fi noktan\u0131n belkide en dibidir. Basiretsizlik, ya\u011fc\u0131l\u0131k, kumpas\u00e7\u0131l\u0131k, h\u0131rs\u0131zl\u0131k, kap\u0131 kulculu\u011fu\u00a0 bu \u00fclkede diz boyu&#8230;<\/span><\/span><\/p>\n<p align=\"LEFT\"><span style=\"font-size: 20px; font-family: arial, helvetica, sans-serif;\"><span style=\"color: #1d2129;\">Bir kez daha s\u00f6ylemek gerekirse: CHP &#8216;sinden ayd\u0131n ge\u00e7inen zevatlar\u0131n hemen hemen t\u00fcm\u00fc sarayla a\u011f\u0131z birli\u011fi yapm\u0131\u015fcas\u0131na bu darbeyi Fet\u00f6&#8217;n\u00fcn yapt\u0131\u011f\u0131 konusunda darbeci iktidarla a\u011f\u0131z birli\u011fi i\u00e7ine girmi\u015flerdirler.<\/span><\/span><\/p>\n<p align=\"LEFT\"><span style=\"font-size: 20px; font-family: arial, helvetica, sans-serif;\"><span style=\"color: #1d2129;\">Bu durumu bire bir darbe kalk\u0131\u015fmas\u0131n\u0131n ya\u015fand\u0131\u011f\u0131 saatlerde canl\u0131 canl\u0131 yazm\u0131\u015f olmama kar\u015f\u0131n darbe giri\u015fimini Tayyip Erdo\u011fan ve \u015f\u00fcrekas\u0131 \u00f6rg\u00fctledi\u011fini net bir \u015fekilde belirtmi\u015ftim. <\/span><\/span><\/p>\n<p align=\"LEFT\"><span style=\"font-size: 20px; font-family: arial, helvetica, sans-serif;\"><span style=\"color: #1d2129;\">Aradan bunca zaman ge\u00e7ti darbe giri\u015fimini bile parlamentoda ara\u015ft\u0131racak her t\u00fcrl\u00fc giri\u015fimi ret eden AKP &#8216;li darbeci \/ kumpas\u00e7\u0131 milletvekilleri, <i><u><b>kurduklar\u0131 \u00e7o\u011funluk \u00e7etecili\u011fiyle<\/b><\/u><\/i> kendilerini koruyan KHK&#8217;ler arac\u0131l\u0131\u011f\u0131yla hukukun cenaze namaz\u0131n\u0131n k\u0131l\u0131nmas\u0131na neden olunmu\u015ftur.<\/span><\/span><\/p>\n<p align=\"LEFT\"><span style=\"font-size: 20px; font-family: arial, helvetica, sans-serif;\"><span style=\"color: #1d2129;\">Merkezi olarak darbe kalk\u0131\u015fmas\u0131n\u0131 kesinlikle Fet\u00f6 yapt\u0131rmam\u0131\u015ft\u0131r. AKP erken davran\u0131p bu darbeyi kendisi yapmam\u0131\u015f olsayd\u0131 bu darbeyi Fet\u00f6 yapaca\u011f\u0131n\u0131 c\u00fcmle\u00a0 alem biliyordu. AKP 17-25 Arl\u0131k h\u0131rs\u0131zl\u0131\u011f\u0131n\u0131 de\u015fifre eden Fet\u00f6&#8217;den darbeyi kendisi yap\u0131p kurumlar\u0131n kilit yerlerinde bulunan Fet\u00f6c\u00fclerden\u00a0 temizlemeyi ba\u015farm\u0131\u015ft\u0131r. Tam olmasada Fet\u00f6c\u00fc kadrolardan devlet mekanizmas\u0131n\u0131 ar\u0131nd\u0131rmaya\u00a0 \u00e7al\u0131\u015fm\u0131\u015ft\u0131r.\u00a0<\/span><\/span><\/p>\n<p align=\"LEFT\"><span style=\"font-size: 20px; font-family: arial, helvetica, sans-serif;\"><span style=\"color: #1d2129;\">Darbenin muhtevas\u0131 aleni bir\u00a0 \u015fekilde ortada iken g\u00f6z\u00a0 g\u00f6re g\u00f6re herkesin siyasi k\u00f6rl\u00fc\u011f\u00fc oynay\u0131p AKP gerici fa\u015fizminin arg\u00fcmanlar\u0131na alet olunmas\u0131 kervan\u0131n\u0131n ba\u015f\u0131n\u0131 \u00e7eken ana muhalefet partisi CHP&#8217;nin darbe paradigmas\u0131na\u00a0 yakla\u015f\u0131m\u0131 tamamen rezilliktir. Saraya hizmet etmektir\/saray i\u015fbirlik\u00e7isidir. <\/span><\/span><\/p>\n<p align=\"LEFT\"><span style=\"font-size: 20px; font-family: arial, helvetica, sans-serif;\"><span style=\"color: #1d2129;\">Ka\u00e7ak saray edebiyat\u0131nda da ayn\u0131 hizmetkarl\u0131\u011f\u0131 sergilemedi mi? Y\u0131llard\u0131r saraya ka\u00e7ak saray dediler sonra t\u0131p\u0131\u015f t\u0131p\u0131\u015f kendi ayaklar\u0131yla saraya\u00a0 gidip &#8216;ka\u00e7ak saray\u0131&#8217; yasal saray haline\u00a0 getirmediler mi?<\/span><\/span><\/p>\n<p align=\"LEFT\"><span style=\"font-size: 20px; font-family: arial, helvetica, sans-serif;\"><span style=\"color: #1d2129;\">Darbe kalk\u0131\u015fmas\u0131n\u0131 Fet\u00f6 yapt\u0131rmad\u0131 diye bu Fet\u00f6y\u00fc masum k\u0131lmaz. <\/span><\/span><\/p>\n<p align=\"LEFT\"><span style=\"font-size: 20px; font-family: arial, helvetica, sans-serif;\"><span style=\"color: #1d2129;\">Fet\u00f6 Tayyip Erdo\u011fan&#8217;\u0131n ikizidir. <\/span><\/span><\/p>\n<p align=\"LEFT\"><span style=\"font-size: 20px; font-family: arial, helvetica, sans-serif;\"><span style=\"color: #1d2129;\">Fet\u00f6, Tayyip Erdo\u011fan kadar tehlikeli, bir o kadarda Makyavelisttir. <\/span><\/span><\/p>\n<p align=\"LEFT\"><span style=\"font-size: 20px; font-family: arial, helvetica, sans-serif;\"><span style=\"color: #1d2129;\">Bu iki ki\u015filik i\u00e7in amaca giden her yol mubaht\u0131r. <\/span><\/span><\/p>\n<p align=\"LEFT\"><span style=\"font-size: 20px; font-family: arial, helvetica, sans-serif;\"><span style=\"color: #1d2129;\">Bu y\u00fczden Atat\u00fcrk&#8217;\u00fcn cumhuriyete miras\u0131 olan bu araziye, Atat\u00fcrk&#8217;den ve Cumhuriyetten intikam al\u0131rcas\u0131na Osmanl\u0131 \u00f6zenticili\u011finin karma\u015f\u0131k ruh haliyle kendisine saray yapt\u0131rm\u0131\u015f olup, 79,51 Milyon ki\u015finin vergileriyle beslenecek \u015fekilde ailesini ve kendisini a\u011f\u0131rlatacak kadar narsist bir ruh haline sahiptir.<\/span><\/span><\/p>\n<p align=\"LEFT\"><span style=\"font-size: 20px; font-family: arial, helvetica, sans-serif;\"><span style=\"color: #1d2129;\">Darbe kalk\u0131\u015fmas\u0131n\u0131 bizzat Tayyip Erdo\u011fan, Hulusi Akar, Hakan Fidan ve Kontrgerilla diye bildi\u011fimiz \u00d6zel Harp Dairesinden kimi ki\u015filerce \u00f6rg\u00fctlenilmi\u015ftir.<\/span><\/span><\/p>\n<p align=\"LEFT\"><span style=\"font-size: 20px; font-family: arial, helvetica, sans-serif;\"><span style=\"color: #1d2129;\">\u00d6rg\u00fctlenen darbe giri\u015fimi esnas\u0131nda camilerden verilecek Sela&#8217;lara varana kadar her t\u00fcrl\u00fc ince ayr\u0131nt\u0131 d\u00fc\u015f\u00fcn\u00fclm\u00fc\u015ft\u00fcr.<\/span><\/span><\/p>\n<p align=\"LEFT\"><span style=\"font-size: 20px; font-family: arial, helvetica, sans-serif;\"><span style=\"color: #1d2129;\">\u00c7\u00fcnk\u00fc Tayyip Erdo\u011fan&#8217;\u0131n b\u00f6ylesine kurgusal a\u00e7\u0131dan bir darbe kalk\u0131\u015fmas\u0131na ihtiyac\u0131 vard\u0131. Ak Parti olarak birebir iktidar payla\u015f\u0131lmas\u0131 konusunda s\u0131rt\u0131nda ta\u015f\u0131d\u0131\u011f\u0131 Fet\u00f6 \u00f6rg\u00fctlenmesi, ne zaman 17-25 Aral\u0131k olarak kay\u0131tlara ge\u00e7en h\u0131rs\u0131zl\u0131k ve yolsuzluk operasyonu, bu ayn\u0131 zamanda kamuoyuna Ak Partinin kirli \u00e7ama\u015f\u0131rlar\u0131n\u0131 te\u015fhir etme operasyonu olarak bilinmektedir. <\/span><\/span><\/p>\n<p align=\"LEFT\"><span style=\"font-size: 20px; font-family: arial, helvetica, sans-serif;\"><span style=\"color: #1d2129;\">Fet\u00f6 taraf\u0131ndan 17-25 Aral\u0131k operasyonu i\u00e7in d\u00fc\u011fmeye bas\u0131lmas\u0131 demek ayn\u0131 zamanda bu ittifak\u0131n sonunu belirlemi\u015f oldu.<\/span><\/span><\/p>\n<p align=\"LEFT\"><span style=\"font-size: 20px; font-family: arial, helvetica, sans-serif;\"><span style=\"color: #1d2129;\">\u0130ktidar ortakl\u0131\u011f\u0131n\u0131 \u00e7ok iyi de\u011ferlendiren Fet\u00f6c\u00fc kadrolar entelekt\u00fcel birikimli kadrolar\u0131yla hemen hemen her resmi dairede \u00f6rg\u00fctlendikleri gibi devletin karar al\u0131c\u0131 en kritik noktalar\u0131na kadar ele ge\u00e7irmeyi ba\u015farm\u0131\u015f olmalar\u0131 Fet\u00f6c\u00fclerin g\u00fcc\u00fcn\u00fc belirlemektedir.<\/span><\/span><\/p>\n<p align=\"LEFT\"><span style=\"font-size: 20px; font-family: arial, helvetica, sans-serif;\"><span style=\"color: #1d2129;\">Buna yurt i\u00e7i ve yurt d\u0131\u015f\u0131nda faaliyet g\u00f6steren okullar\u0131n\u0131 dahil etti\u011fimizde Fet\u00f6&#8217;n\u00fcn g\u00fcc\u00fcn\u00fcn hi\u00e7 de yabana at\u0131lmayaca\u011f\u0131n\u0131 ortaya koymaktad\u0131r.<\/span><\/span><\/p>\n<p align=\"LEFT\"><span style=\"font-size: 20px; font-family: arial, helvetica, sans-serif;\"><span style=\"color: #1d2129;\">Tayyip Erdo\u011fan ve \u00e7etesi bunu \u00e7ok iyi bildi\u011fi i\u00e7in F\u00f6t\u00fcc\u00fclerden ar\u0131nma ancak ve ancak k\u00f6kl\u00fc bir operasyonla m\u00fcmk\u00fcn olaca\u011f\u0131 konusunda kafas\u0131 \u00e7ok netti. Tayyip Erdo\u011fan \u00e7etesiyle el ele verip Fet\u00f6c\u00fc kadrolar\u0131 sat\u0131n alma y\u00f6ntemiyle darbe tiyatrosunu \u00f6rg\u00fctlemi\u015ftir.<\/span><\/span><\/p>\n<p align=\"LEFT\"><span style=\"font-size: 20px; font-family: arial, helvetica, sans-serif;\"><span style=\"color: #1d2129;\">\u015eeytani bir bulu\u015f olan darbe tiyatrosu y\u00f6ntemiyle siyasi rakibi olan Fet\u00f6c\u00fc \u00f6rg\u00fctlenmeye kar\u015f\u0131 \u00fclke baz\u0131nda ba\u015flatt\u0131klar\u0131 operasyonlarla \u00e7\u0131kard\u0131klar\u0131 KHK&#8217;lerle fa\u015fizmi kurumsalla\u015ft\u0131rm\u0131\u015flard\u0131r.<\/span><\/span><\/p>\n<p align=\"LEFT\"><span style=\"font-size: 20px; font-family: arial, helvetica, sans-serif;\"><span style=\"color: #1d2129;\">17-25 Aral\u0131\u011f\u0131n intikam\u0131n\u0131 nas\u0131l alacaklar\u0131n\u0131 <\/span><span style=\"color: #222222;\">Recep Tayyip Erdo\u011fan 11 \u015eubat 2014&#8217;te yapt\u0131\u011f\u0131 <\/span><span style=\"color: #222222;\"><i><u>\u2018<\/u><\/i><\/span><span style=\"color: #222222;\"><i><u><b>\u0130nlerine girece\u011fiz&#8217;<\/b><\/u><\/i><b> <\/b>a\u00e7\u0131klamas\u0131yla hayat bulmu\u015ftur. <\/span><\/span><\/p>\n<p align=\"LEFT\"><span style=\"font-size: 20px; font-family: arial, helvetica, sans-serif;\"><span style=\"color: #222222;\">Bu operasyonda boy hedefi haline getirilen d\u00fcn\u00fcn hizmet hareketi bug\u00fcn\u00fcn <\/span><span style=\"color: #333333;\">FET\u00d6\/PDY ter\u00f6r \u00f6rg\u00fct\u00fc<\/span><span style=\"color: #222222;\"> nitelendirilmesiyle uygulanan projelerine nokta konmu\u015ftur.<\/span><\/span><\/p>\n<p align=\"LEFT\"><span style=\"font-size: 20px; font-family: arial, helvetica, sans-serif;\"><span style=\"color: #222222;\">Daha tam ba\u015fkanl\u0131k sistemine ge\u00e7ilmeden ba\u015fkan\u0131n keyfiyetiyle da\u011f\u0131tt\u0131\u011f\u0131 yanda\u015f adaletle y\u00fcz y\u00fcze kalan T\u00fcrkiyeyi ger\u00e7ekten karanl\u0131k g\u00fcnler bekliyor.<\/span><\/span><\/p>\n<p align=\"LEFT\"><span style=\"font-size: 20px; font-family: arial, helvetica, sans-serif;\"><span style=\"color: #222222;\">S\u0131rf bu y\u00fczden yanda\u015flar\u0131nca i\u00e7 sava\u015fa y\u00f6nelik \u00e7a\u011fr\u0131lar yap\u0131ld\u0131\u011f\u0131 gibi, bu y\u00f6nde paramiliter yap\u0131lanmalarla gizlenmeden aleni \u00f6rg\u00fctlenmelerle y\u00f6nelinmi\u015f durumdalar. Birde buna Suriye i\u00e7 sava\u015f\u0131nda saray taraf\u0131ndan desteklenen I\u015fid &#8216;\u00e7i ter\u00f6ristlerin yeniden T\u00fcrkiye!ye ge\u00e7ti\u011fi ger\u00e7ekli\u011fini g\u00f6z \u00f6n\u00fcnde bulundurdu\u011fumuzda Ak Parti sayesinde \u00fclkenin kan g\u00f6l\u00fcne d\u00f6nece\u011fi g\u00fcnlere dolu dizgin gidiyoruz.<\/span><\/span><\/p>\n<p align=\"LEFT\"><span style=\"font-size: 20px; font-family: arial, helvetica, sans-serif;\"><span style=\"color: #222222;\">Uygulamalar\u0131yla Hitlere \u00f6zenen bu ruh hastas\u0131 bu ki\u015filik, Hitler&#8217;in yan\u0131nda haddinden fazla vasat kalmaktad\u0131r. Hitler kendi anlay\u0131\u015f\u0131n\u0131n i\u00e7inde Entelekt\u00fcel birisiydi hatta Hitler&#8217;in bu konuda <i><b>&#8216;Kavgam&#8217;<\/b><\/i> isimli eseri bile mevcuttu. <\/span><\/span><\/p>\n<p align=\"LEFT\"><span style=\"font-size: 20px; font-family: arial, helvetica, sans-serif;\"><span style=\"color: #222222;\">Hitler her \u015feyden \u00f6nce i\u00e7 sava\u015f \u00e7\u0131kart\u0131p kendi halk\u0131n\u0131 k\u0131rd\u0131rmayacak kadar bu vasat ki\u015fili\u011fe g\u00f6re entelekt\u00fcel kalmaktad\u0131r.<\/span><\/span><\/p>\n<p align=\"LEFT\"><span style=\"font-size: 20px; font-family: arial, helvetica, sans-serif;\"><span style=\"color: #222222;\">Bug\u00fcn 31 Aral\u0131k 2018 an itibariyle saat 15:10 <\/span><\/span><\/p>\n<p align=\"LEFT\"><span style=\"font-size: 20px; font-family: arial, helvetica, sans-serif;\"><span style=\"color: #222222;\">2018 y\u0131l\u0131 umar\u0131m T\u00fcrkiye&#8217;ye huzur, bar\u0131\u015f, ger\u00e7ek bir demokrasiyle birlikte mutluluk getirir.<\/span><\/span><\/p>\n<p align=\"LEFT\"><span style=\"font-size: 20px; font-family: arial, helvetica, sans-serif;\"><span style=\"color: #222222;\">Ali Galip Say\u0131lgan<\/span><\/span><\/p>\n","protected":false},"excerpt":{"rendered":"<p>Ne oldu\u011funu 15 Temmuz 2016&#8217;da yazm\u0131\u015ft\u0131m. Ho\u015f, yazd\u0131k da ne oldu ki? Toplumsal a\u00e7\u0131dan koyunluk metodolojisine dahil olan her \u015fah\u0131s adeta a\u011f\u0131z birli\u011fi yapm\u0131\u015fcas\u0131na bu darbe giri\u015fimini Fet\u00f6&#8217;n\u00fcn planlad\u0131\u011f\u0131 konusunda sarayla birlikte hareket ediyor. Fark\u0131nda olup yada olmadan sarayla i\u015fbirli\u011fi<\/p>\n","protected":false},"author":1,"featured_media":0,"comment_status":"closed","ping_status":"closed","sticky":false,"template":"","format":"standard","meta":{"footnotes":""},"categories":[1],"tags":[],"class_list":["post-915","post","type-post","status-publish","format-standard","hentry","category-genel"],"yoast_head":"<!-- This site is optimized with the Yoast SEO plugin v27.4 - https:\/\/yoast.com\/product\/yoast-seo-wordpress\/ -->\n<title>15 Temmuz 2016&#039;dan 2018 y\u0131l\u0131na, bir g\u00fczel darbe masal\u0131... - \u00d6zg\u00fcr-Meydan<\/title>\n<meta name=\"robots\" content=\"index, follow, max-snippet:-1, max-image-preview:large, max-video-preview:-1\" \/>\n<link rel=\"canonical\" href=\"https:\/\/www.xn--zgr-meydan-dcb8e.com\/?p=915\" \/>\n<meta property=\"og:locale\" content=\"tr_TR\" \/>\n<meta property=\"og:type\" content=\"article\" \/>\n<meta property=\"og:title\" content=\"15 Temmuz 2016&#039;dan 2018 y\u0131l\u0131na, bir g\u00fczel darbe masal\u0131... - \u00d6zg\u00fcr-Meydan\" \/>\n<meta property=\"og:description\" content=\"Ne oldu\u011funu 15 Temmuz 2016&#8217;da yazm\u0131\u015ft\u0131m. Ho\u015f, yazd\u0131k da ne oldu ki? Toplumsal a\u00e7\u0131dan koyunluk metodolojisine dahil olan her \u015fah\u0131s adeta a\u011f\u0131z birli\u011fi yapm\u0131\u015fcas\u0131na bu darbe giri\u015fimini Fet\u00f6&#8217;n\u00fcn planlad\u0131\u011f\u0131 konusunda sarayla birlikte hareket ediyor. Fark\u0131nda olup yada olmadan sarayla i\u015fbirli\u011fi\" \/>\n<meta property=\"og:url\" content=\"https:\/\/www.xn--zgr-meydan-dcb8e.com\/?p=915\" \/>\n<meta property=\"og:site_name\" content=\"\u00d6zg\u00fcr-Meydan\" \/>\n<meta property=\"article:published_time\" content=\"2017-12-31T16:53:08+00:00\" \/>\n<meta property=\"article:modified_time\" content=\"2024-06-27T23:42:51+00:00\" \/>\n<meta name=\"author\" content=\"Ali Galip Sayilgan\" \/>\n<meta name=\"twitter:card\" content=\"summary_large_image\" \/>\n<meta name=\"twitter:label1\" content=\"Yazan:\" \/>\n\t<meta name=\"twitter:data1\" content=\"Ali Galip Sayilgan\" \/>\n\t<meta name=\"twitter:label2\" content=\"Tahmini okuma s\u00fcresi\" \/>\n\t<meta name=\"twitter:data2\" content=\"6 dakika\" \/>\n<script type=\"application\/ld+json\" class=\"yoast-schema-graph\">{\"@context\":\"https:\\\/\\\/schema.org\",\"@graph\":[{\"@type\":\"Article\",\"@id\":\"https:\\\/\\\/www.xn--zgr-meydan-dcb8e.com\\\/?p=915#article\",\"isPartOf\":{\"@id\":\"https:\\\/\\\/www.xn--zgr-meydan-dcb8e.com\\\/?p=915\"},\"author\":{\"name\":\"Ali Galip Sayilgan\",\"@id\":\"https:\\\/\\\/www.xn--zgr-meydan-dcb8e.com\\\/#\\\/schema\\\/person\\\/38e43bd12d45bc50f43455b037132cd0\"},\"headline\":\"15 Temmuz 2016&#8217;dan 2018 y\u0131l\u0131na, bir g\u00fczel darbe masal\u0131&#8230;\",\"datePublished\":\"2017-12-31T16:53:08+00:00\",\"dateModified\":\"2024-06-27T23:42:51+00:00\",\"mainEntityOfPage\":{\"@id\":\"https:\\\/\\\/www.xn--zgr-meydan-dcb8e.com\\\/?p=915\"},\"wordCount\":1268,\"articleSection\":[\"GENEL\"],\"inLanguage\":\"tr\"},{\"@type\":\"WebPage\",\"@id\":\"https:\\\/\\\/www.xn--zgr-meydan-dcb8e.com\\\/?p=915\",\"url\":\"https:\\\/\\\/www.xn--zgr-meydan-dcb8e.com\\\/?p=915\",\"name\":\"15 Temmuz 2016'dan 2018 y\u0131l\u0131na, bir g\u00fczel darbe masal\u0131... - \u00d6zg\u00fcr-Meydan\",\"isPartOf\":{\"@id\":\"https:\\\/\\\/www.xn--zgr-meydan-dcb8e.com\\\/#website\"},\"datePublished\":\"2017-12-31T16:53:08+00:00\",\"dateModified\":\"2024-06-27T23:42:51+00:00\",\"author\":{\"@id\":\"https:\\\/\\\/www.xn--zgr-meydan-dcb8e.com\\\/#\\\/schema\\\/person\\\/38e43bd12d45bc50f43455b037132cd0\"},\"breadcrumb\":{\"@id\":\"https:\\\/\\\/www.xn--zgr-meydan-dcb8e.com\\\/?p=915#breadcrumb\"},\"inLanguage\":\"tr\",\"potentialAction\":[{\"@type\":\"ReadAction\",\"target\":[\"https:\\\/\\\/www.xn--zgr-meydan-dcb8e.com\\\/?p=915\"]}]},{\"@type\":\"BreadcrumbList\",\"@id\":\"https:\\\/\\\/www.xn--zgr-meydan-dcb8e.com\\\/?p=915#breadcrumb\",\"itemListElement\":[{\"@type\":\"ListItem\",\"position\":1,\"name\":\"Anasayfa\",\"item\":\"https:\\\/\\\/www.xn--zgr-meydan-dcb8e.com\\\/\"},{\"@type\":\"ListItem\",\"position\":2,\"name\":\"15 Temmuz 2016&#8217;dan 2018 y\u0131l\u0131na, bir g\u00fczel darbe masal\u0131&#8230;\"}]},{\"@type\":\"WebSite\",\"@id\":\"https:\\\/\\\/www.xn--zgr-meydan-dcb8e.com\\\/#website\",\"url\":\"https:\\\/\\\/www.xn--zgr-meydan-dcb8e.com\\\/\",\"name\":\"\u00d6zg\u00fcr-Meydan\",\"description\":\"Ba\u011f\u0131ms\u0131z, siyasi, \u00f6zg\u00fcr-yay\u0131n\",\"potentialAction\":[{\"@type\":\"SearchAction\",\"target\":{\"@type\":\"EntryPoint\",\"urlTemplate\":\"https:\\\/\\\/www.xn--zgr-meydan-dcb8e.com\\\/?s={search_term_string}\"},\"query-input\":{\"@type\":\"PropertyValueSpecification\",\"valueRequired\":true,\"valueName\":\"search_term_string\"}}],\"inLanguage\":\"tr\"},{\"@type\":\"Person\",\"@id\":\"https:\\\/\\\/www.xn--zgr-meydan-dcb8e.com\\\/#\\\/schema\\\/person\\\/38e43bd12d45bc50f43455b037132cd0\",\"name\":\"Ali Galip Sayilgan\",\"sameAs\":[\"http:\\\/\\\/www.\u00f6zg\u00fcr-meydan.com\\\/\"],\"url\":\"https:\\\/\\\/www.xn--zgr-meydan-dcb8e.com\\\/?author=1\"}]}<\/script>\n<!-- \/ Yoast SEO plugin. -->","yoast_head_json":{"title":"15 Temmuz 2016'dan 2018 y\u0131l\u0131na, bir g\u00fczel darbe masal\u0131... - \u00d6zg\u00fcr-Meydan","robots":{"index":"index","follow":"follow","max-snippet":"max-snippet:-1","max-image-preview":"max-image-preview:large","max-video-preview":"max-video-preview:-1"},"canonical":"https:\/\/www.xn--zgr-meydan-dcb8e.com\/?p=915","og_locale":"tr_TR","og_type":"article","og_title":"15 Temmuz 2016'dan 2018 y\u0131l\u0131na, bir g\u00fczel darbe masal\u0131... - \u00d6zg\u00fcr-Meydan","og_description":"Ne oldu\u011funu 15 Temmuz 2016&#8217;da yazm\u0131\u015ft\u0131m. Ho\u015f, yazd\u0131k da ne oldu ki? Toplumsal a\u00e7\u0131dan koyunluk metodolojisine dahil olan her \u015fah\u0131s adeta a\u011f\u0131z birli\u011fi yapm\u0131\u015fcas\u0131na bu darbe giri\u015fimini Fet\u00f6&#8217;n\u00fcn planlad\u0131\u011f\u0131 konusunda sarayla birlikte hareket ediyor. Fark\u0131nda olup yada olmadan sarayla i\u015fbirli\u011fi","og_url":"https:\/\/www.xn--zgr-meydan-dcb8e.com\/?p=915","og_site_name":"\u00d6zg\u00fcr-Meydan","article_published_time":"2017-12-31T16:53:08+00:00","article_modified_time":"2024-06-27T23:42:51+00:00","author":"Ali Galip Sayilgan","twitter_card":"summary_large_image","twitter_misc":{"Yazan:":"Ali Galip Sayilgan","Tahmini okuma s\u00fcresi":"6 dakika"},"schema":{"@context":"https:\/\/schema.org","@graph":[{"@type":"Article","@id":"https:\/\/www.xn--zgr-meydan-dcb8e.com\/?p=915#article","isPartOf":{"@id":"https:\/\/www.xn--zgr-meydan-dcb8e.com\/?p=915"},"author":{"name":"Ali Galip Sayilgan","@id":"https:\/\/www.xn--zgr-meydan-dcb8e.com\/#\/schema\/person\/38e43bd12d45bc50f43455b037132cd0"},"headline":"15 Temmuz 2016&#8217;dan 2018 y\u0131l\u0131na, bir g\u00fczel darbe masal\u0131&#8230;","datePublished":"2017-12-31T16:53:08+00:00","dateModified":"2024-06-27T23:42:51+00:00","mainEntityOfPage":{"@id":"https:\/\/www.xn--zgr-meydan-dcb8e.com\/?p=915"},"wordCount":1268,"articleSection":["GENEL"],"inLanguage":"tr"},{"@type":"WebPage","@id":"https:\/\/www.xn--zgr-meydan-dcb8e.com\/?p=915","url":"https:\/\/www.xn--zgr-meydan-dcb8e.com\/?p=915","name":"15 Temmuz 2016'dan 2018 y\u0131l\u0131na, bir g\u00fczel darbe masal\u0131... - \u00d6zg\u00fcr-Meydan","isPartOf":{"@id":"https:\/\/www.xn--zgr-meydan-dcb8e.com\/#website"},"datePublished":"2017-12-31T16:53:08+00:00","dateModified":"2024-06-27T23:42:51+00:00","author":{"@id":"https:\/\/www.xn--zgr-meydan-dcb8e.com\/#\/schema\/person\/38e43bd12d45bc50f43455b037132cd0"},"breadcrumb":{"@id":"https:\/\/www.xn--zgr-meydan-dcb8e.com\/?p=915#breadcrumb"},"inLanguage":"tr","potentialAction":[{"@type":"ReadAction","target":["https:\/\/www.xn--zgr-meydan-dcb8e.com\/?p=915"]}]},{"@type":"BreadcrumbList","@id":"https:\/\/www.xn--zgr-meydan-dcb8e.com\/?p=915#breadcrumb","itemListElement":[{"@type":"ListItem","position":1,"name":"Anasayfa","item":"https:\/\/www.xn--zgr-meydan-dcb8e.com\/"},{"@type":"ListItem","position":2,"name":"15 Temmuz 2016&#8217;dan 2018 y\u0131l\u0131na, bir g\u00fczel darbe masal\u0131&#8230;"}]},{"@type":"WebSite","@id":"https:\/\/www.xn--zgr-meydan-dcb8e.com\/#website","url":"https:\/\/www.xn--zgr-meydan-dcb8e.com\/","name":"\u00d6zg\u00fcr-Meydan","description":"Ba\u011f\u0131ms\u0131z, siyasi, \u00f6zg\u00fcr-yay\u0131n","potentialAction":[{"@type":"SearchAction","target":{"@type":"EntryPoint","urlTemplate":"https:\/\/www.xn--zgr-meydan-dcb8e.com\/?s={search_term_string}"},"query-input":{"@type":"PropertyValueSpecification","valueRequired":true,"valueName":"search_term_string"}}],"inLanguage":"tr"},{"@type":"Person","@id":"https:\/\/www.xn--zgr-meydan-dcb8e.com\/#\/schema\/person\/38e43bd12d45bc50f43455b037132cd0","name":"Ali Galip Sayilgan","sameAs":["http:\/\/www.\u00f6zg\u00fcr-meydan.com\/"],"url":"https:\/\/www.xn--zgr-meydan-dcb8e.com\/?author=1"}]}},"_links":{"self":[{"href":"https:\/\/www.xn--zgr-meydan-dcb8e.com\/index.php?rest_route=\/wp\/v2\/posts\/915","targetHints":{"allow":["GET"]}}],"collection":[{"href":"https:\/\/www.xn--zgr-meydan-dcb8e.com\/index.php?rest_route=\/wp\/v2\/posts"}],"about":[{"href":"https:\/\/www.xn--zgr-meydan-dcb8e.com\/index.php?rest_route=\/wp\/v2\/types\/post"}],"author":[{"embeddable":true,"href":"https:\/\/www.xn--zgr-meydan-dcb8e.com\/index.php?rest_route=\/wp\/v2\/users\/1"}],"replies":[{"embeddable":true,"href":"https:\/\/www.xn--zgr-meydan-dcb8e.com\/index.php?rest_route=%2Fwp%2Fv2%2Fcomments&post=915"}],"version-history":[{"count":14,"href":"https:\/\/www.xn--zgr-meydan-dcb8e.com\/index.php?rest_route=\/wp\/v2\/posts\/915\/revisions"}],"predecessor-version":[{"id":1429,"href":"https:\/\/www.xn--zgr-meydan-dcb8e.com\/index.php?rest_route=\/wp\/v2\/posts\/915\/revisions\/1429"}],"wp:attachment":[{"href":"https:\/\/www.xn--zgr-meydan-dcb8e.com\/index.php?rest_route=%2Fwp%2Fv2%2Fmedia&parent=915"}],"wp:term":[{"taxonomy":"category","embeddable":true,"href":"https:\/\/www.xn--zgr-meydan-dcb8e.com\/index.php?rest_route=%2Fwp%2Fv2%2Fcategories&post=915"},{"taxonomy":"post_tag","embeddable":true,"href":"https:\/\/www.xn--zgr-meydan-dcb8e.com\/index.php?rest_route=%2Fwp%2Fv2%2Ftags&post=915"}],"curies":[{"name":"wp","href":"https:\/\/api.w.org\/{rel}","templated":true}]}}